{"id":7866,"date":"2020-08-06T00:00:00","date_gmt":"2020-08-05T22:00:00","guid":{"rendered":"https:\/\/mobilvetta.it\/salon-dete-ou-portes-ouvertes-concessionnaires\/"},"modified":"2020-08-06T00:00:00","modified_gmt":"2020-08-05T22:00:00","slug":"salon-dete-ou-portes-ouvertes-concessionnaires","status":"publish","type":"post","link":"https:\/\/mobilvetta.it\/fr\/salon-dete-ou-portes-ouvertes-concessionnaires\/","title":{"rendered":"Salon d\u2019\u00e9t\u00e9 ou Portes ouvertes concessionnaires"},"content":{"rendered":"<p>Retrouvez nous au prochain&nbsp;Salon d&rsquo;&eacute;t&eacute; ou Portes ouvertes<a href=\"\/FR-fr\/Pagina\/Index\/111\/Distributeurs\"> concessionnaires.<\/a><\/p>\n<p><strong>Nouveautes 2021<\/strong> et fins de s&eacute;ries sur un large choix de camping &#8211; cars.<br \/> Venez nous visiter chez:<\/p>\n<p><span style=\"text-decoration: underline;\"><em><strong>SEPTEMBRE<\/strong><\/em><\/span><\/p>\n<p><strong>PORTES OUVERTES<\/strong><br \/>AZUR 37 &#8211; du 17\/09 au 23\/09<\/p>\n<p><strong>SALON<br \/><\/strong>THELLIER CAMPING CAR 14 &#8211; du 18\/09 au 27\/09<br \/>CARABITA 33 &#8211; du 16\/09 au 20\/09<br \/>CAR LOISIRS 84 &#8211; du 17\/09 au 20\/09<br \/>PLEIN AIR NORMANDIE &#8211; du 17\/09 au 20\/09<\/p>\n<p><span style=\"text-decoration: underline;\"><em><strong>OCTOBRE<\/strong><\/em><\/span><\/p>\n<p><strong>PORTES OUVERTES<\/strong><br \/>GARAGE DAVID 85 &#8211; du 02\/10 au 11\/10<br \/>PLEIN AIR NORMANDIE 76 &#8211; du 14\/10 au 17\/10<br \/>AZUR 86 &#8211; du 15\/10 au 17\/10<\/p>\n<p><strong>SALON<br \/><\/strong>SALON DE COLMAR 68 &#8211; EUROP HOLIDAYS&nbsp;<br \/>THELLIER CAMPING CAR 14 &#8211; du 15\/10 au 18\/10<br \/>CAR LOISIRS 13&nbsp;&#8211; du 15\/10 au 18\/10<br \/>EURO SERVICE 69 &#8211; du 1710 au 25\/10<br \/>GARAGE DAVID 85 &#8211; du 18\/10 au 21\/10<br \/>AZUR 37 &#8211; du 23\/10 au 26\/10<\/p>\n<p><em><strong><span style=\"text-decoration: underline;\">NOVEMBRE<\/span><br \/><\/strong><\/em><br \/><strong>SALON<br \/><\/strong>CARABITA 33 &#8211; du 7\/11 au 11\/11<br \/>FIESTA DU CAMPING CAR &#8211; AZUR 86 &#8211; du 19\/11 au 23\/11<\/p>\n<p>&nbsp;<\/p>\n","protected":false},"excerpt":{"rendered":"<p>Retrouvez nous au prochain&nbsp;Salon d&rsquo;&eacute;t&eacute; ou Portes ouvertes concessionnaires. Nouveautes 2021 et fins de s&eacute;ries sur un large choix de camping &#8211; cars. Venez nous visiter chez: SEPTEMBRE PORTES OUVERTESAZUR 37 &#8211; du 17\/09 au 23\/09 SALONTHELLIER CAMPING CAR 14 &#8211; du 18\/09 au 27\/09CARABITA 33 &#8211; du 16\/09 au 20\/09CAR LOISIRS 84 &#8211; du &hellip; <a href=\"https:\/\/mobilvetta.it\/fr\/salon-dete-ou-portes-ouvertes-concessionnaires\/\">Continued<\/a><\/p>\n","protected":false},"author":1,"featured_media":7867,"comment_status":"open","ping_status":"open","sticky":false,"template":"","format":"standard","meta":{"_acf_changed":false,"inline_featured_image":false,"footnotes":""},"tags":[],"class_list":["post-7866","post","type-post","status-publish","format-standard","has-post-thumbnail","hentry"],"acf":[],"yoast_head":"<!-- This site is optimized with the Yoast SEO plugin v27.2 - https:\/\/yoast.com\/product\/yoast-seo-wordpress\/ -->\n<title>Salon d\u2019\u00e9t\u00e9 ou Portes ouvertes concessionnaires - Mobilvetta<\/title>\n<meta name=\"robots\" content=\"index, follow, max-snippet:-1, max-image-preview:large, max-video-preview:-1\" \/>\n<link rel=\"canonical\" href=\"https:\/\/mobilvetta.it\/fr\/salon-dete-ou-portes-ouvertes-concessionnaires\/\" \/>\n<meta property=\"og:locale\" content=\"fr_FR\" \/>\n<meta property=\"og:type\" content=\"article\" \/>\n<meta property=\"og:title\" content=\"Salon d\u2019\u00e9t\u00e9 ou Portes ouvertes concessionnaires - Mobilvetta\" \/>\n<meta property=\"og:description\" content=\"Retrouvez nous au prochain&nbsp;Salon d&rsquo;&eacute;t&eacute; ou Portes ouvertes concessionnaires. Nouveautes 2021 et fins de s&eacute;ries sur un large choix de camping &#8211; cars. Venez nous visiter chez: SEPTEMBRE PORTES OUVERTESAZUR 37 &#8211; du 17\/09 au 23\/09 SALONTHELLIER CAMPING CAR 14 &#8211; du 18\/09 au 27\/09CARABITA 33 &#8211; du 16\/09 au 20\/09CAR LOISIRS 84 &#8211; du &hellip; Continued\" \/>\n<meta property=\"og:url\" content=\"https:\/\/mobilvetta.it\/fr\/salon-dete-ou-portes-ouvertes-concessionnaires\/\" \/>\n<meta property=\"og:site_name\" content=\"Mobilvetta\" \/>\n<meta property=\"article:published_time\" content=\"2020-08-05T22:00:00+00:00\" \/>\n<meta property=\"og:image\" content=\"https:\/\/mobilvetta.it\/wp-content\/uploads\/2024\/07\/Mobilvetta-Kea-P86-scaled.jpg\" \/>\n\t<meta property=\"og:image:width\" content=\"2560\" \/>\n\t<meta property=\"og:image:height\" content=\"1707\" \/>\n\t<meta property=\"og:image:type\" content=\"image\/jpeg\" \/>\n<meta name=\"author\" content=\"admin@24\" \/>\n<meta name=\"twitter:card\" content=\"summary_large_image\" \/>\n<meta name=\"twitter:label1\" content=\"\u00c9crit par\" \/>\n\t<meta name=\"twitter:data1\" content=\"admin@24\" \/>\n\t<meta name=\"twitter:label2\" content=\"Dur\u00e9e de lecture estim\u00e9e\" \/>\n\t<meta name=\"twitter:data2\" content=\"1 minute\" \/>\n<script type=\"application\/ld+json\" class=\"yoast-schema-graph\">{\"@context\":\"https:\/\/schema.org\",\"@graph\":[{\"@type\":\"Article\",\"@id\":\"https:\/\/mobilvetta.it\/fr\/salon-dete-ou-portes-ouvertes-concessionnaires\/#article\",\"isPartOf\":{\"@id\":\"https:\/\/mobilvetta.it\/fr\/salon-dete-ou-portes-ouvertes-concessionnaires\/\"},\"author\":{\"name\":\"admin@24\",\"@id\":\"https:\/\/mobilvetta.it\/fr\/#\/schema\/person\/342e92a78f285d531510c5a97ee8274c\"},\"headline\":\"Salon d\u2019\u00e9t\u00e9 ou Portes ouvertes concessionnaires\",\"datePublished\":\"2020-08-05T22:00:00+00:00\",\"mainEntityOfPage\":{\"@id\":\"https:\/\/mobilvetta.it\/fr\/salon-dete-ou-portes-ouvertes-concessionnaires\/\"},\"wordCount\":138,\"commentCount\":0,\"image\":{\"@id\":\"https:\/\/mobilvetta.it\/fr\/salon-dete-ou-portes-ouvertes-concessionnaires\/#primaryimage\"},\"thumbnailUrl\":\"https:\/\/mobilvetta.it\/wp-content\/uploads\/2024\/07\/Mobilvetta-Kea-P86-scaled.jpg\",\"inLanguage\":\"fr-FR\",\"potentialAction\":[{\"@type\":\"CommentAction\",\"name\":\"Comment\",\"target\":[\"https:\/\/mobilvetta.it\/fr\/salon-dete-ou-portes-ouvertes-concessionnaires\/#respond\"]}]},{\"@type\":\"WebPage\",\"@id\":\"https:\/\/mobilvetta.it\/fr\/salon-dete-ou-portes-ouvertes-concessionnaires\/\",\"url\":\"https:\/\/mobilvetta.it\/fr\/salon-dete-ou-portes-ouvertes-concessionnaires\/\",\"name\":\"Salon d\u2019\u00e9t\u00e9 ou Portes ouvertes concessionnaires - Mobilvetta\",\"isPartOf\":{\"@id\":\"https:\/\/mobilvetta.it\/fr\/#website\"},\"primaryImageOfPage\":{\"@id\":\"https:\/\/mobilvetta.it\/fr\/salon-dete-ou-portes-ouvertes-concessionnaires\/#primaryimage\"},\"image\":{\"@id\":\"https:\/\/mobilvetta.it\/fr\/salon-dete-ou-portes-ouvertes-concessionnaires\/#primaryimage\"},\"thumbnailUrl\":\"https:\/\/mobilvetta.it\/wp-content\/uploads\/2024\/07\/Mobilvetta-Kea-P86-scaled.jpg\",\"datePublished\":\"2020-08-05T22:00:00+00:00\",\"author\":{\"@id\":\"https:\/\/mobilvetta.it\/fr\/#\/schema\/person\/342e92a78f285d531510c5a97ee8274c\"},\"breadcrumb\":{\"@id\":\"https:\/\/mobilvetta.it\/fr\/salon-dete-ou-portes-ouvertes-concessionnaires\/#breadcrumb\"},\"inLanguage\":\"fr-FR\",\"potentialAction\":[{\"@type\":\"ReadAction\",\"target\":[\"https:\/\/mobilvetta.it\/fr\/salon-dete-ou-portes-ouvertes-concessionnaires\/\"]}]},{\"@type\":\"ImageObject\",\"inLanguage\":\"fr-FR\",\"@id\":\"https:\/\/mobilvetta.it\/fr\/salon-dete-ou-portes-ouvertes-concessionnaires\/#primaryimage\",\"url\":\"https:\/\/mobilvetta.it\/wp-content\/uploads\/2024\/07\/Mobilvetta-Kea-P86-scaled.jpg\",\"contentUrl\":\"https:\/\/mobilvetta.it\/wp-content\/uploads\/2024\/07\/Mobilvetta-Kea-P86-scaled.jpg\",\"width\":2560,\"height\":1707},{\"@type\":\"BreadcrumbList\",\"@id\":\"https:\/\/mobilvetta.it\/fr\/salon-dete-ou-portes-ouvertes-concessionnaires\/#breadcrumb\",\"itemListElement\":[{\"@type\":\"ListItem\",\"position\":1,\"name\":\"Home\",\"item\":\"https:\/\/mobilvetta.it\/fr\/\"},{\"@type\":\"ListItem\",\"position\":2,\"name\":\"Salon d\u2019\u00e9t\u00e9 ou Portes ouvertes concessionnaires\"}]},{\"@type\":\"WebSite\",\"@id\":\"https:\/\/mobilvetta.it\/fr\/#website\",\"url\":\"https:\/\/mobilvetta.it\/fr\/\",\"name\":\"Mobilvetta\",\"description\":\"\",\"potentialAction\":[{\"@type\":\"SearchAction\",\"target\":{\"@type\":\"EntryPoint\",\"urlTemplate\":\"https:\/\/mobilvetta.it\/fr\/?s={search_term_string}\"},\"query-input\":{\"@type\":\"PropertyValueSpecification\",\"valueRequired\":true,\"valueName\":\"search_term_string\"}}],\"inLanguage\":\"fr-FR\"},{\"@type\":\"Person\",\"@id\":\"https:\/\/mobilvetta.it\/fr\/#\/schema\/person\/342e92a78f285d531510c5a97ee8274c\",\"name\":\"admin@24\",\"image\":{\"@type\":\"ImageObject\",\"inLanguage\":\"fr-FR\",\"@id\":\"https:\/\/secure.gravatar.com\/avatar\/1e13a134496ae45e94c3dd4aefc56faf03b6c1d0be57808396a2cb32a0e0e667?s=96&d=mm&r=g\",\"url\":\"https:\/\/secure.gravatar.com\/avatar\/1e13a134496ae45e94c3dd4aefc56faf03b6c1d0be57808396a2cb32a0e0e667?s=96&d=mm&r=g\",\"contentUrl\":\"https:\/\/secure.gravatar.com\/avatar\/1e13a134496ae45e94c3dd4aefc56faf03b6c1d0be57808396a2cb32a0e0e667?s=96&d=mm&r=g\",\"caption\":\"admin@24\"},\"sameAs\":[\"https:\/\/mobilvetta.it\"],\"url\":\"https:\/\/mobilvetta.it\/fr\/author\/admin24\/\"}]}<\/script>\n<!-- \/ Yoast SEO plugin. -->","yoast_head_json":{"title":"Salon d\u2019\u00e9t\u00e9 ou Portes ouvertes concessionnaires - Mobilvetta","robots":{"index":"index","follow":"follow","max-snippet":"max-snippet:-1","max-image-preview":"max-image-preview:large","max-video-preview":"max-video-preview:-1"},"canonical":"https:\/\/mobilvetta.it\/fr\/salon-dete-ou-portes-ouvertes-concessionnaires\/","og_locale":"fr_FR","og_type":"article","og_title":"Salon d\u2019\u00e9t\u00e9 ou Portes ouvertes concessionnaires - Mobilvetta","og_description":"Retrouvez nous au prochain&nbsp;Salon d&rsquo;&eacute;t&eacute; ou Portes ouvertes concessionnaires. Nouveautes 2021 et fins de s&eacute;ries sur un large choix de camping &#8211; cars. Venez nous visiter chez: SEPTEMBRE PORTES OUVERTESAZUR 37 &#8211; du 17\/09 au 23\/09 SALONTHELLIER CAMPING CAR 14 &#8211; du 18\/09 au 27\/09CARABITA 33 &#8211; du 16\/09 au 20\/09CAR LOISIRS 84 &#8211; du &hellip; Continued","og_url":"https:\/\/mobilvetta.it\/fr\/salon-dete-ou-portes-ouvertes-concessionnaires\/","og_site_name":"Mobilvetta","article_published_time":"2020-08-05T22:00:00+00:00","og_image":[{"width":2560,"height":1707,"url":"https:\/\/mobilvetta.it\/wp-content\/uploads\/2024\/07\/Mobilvetta-Kea-P86-scaled.jpg","type":"image\/jpeg"}],"author":"admin@24","twitter_card":"summary_large_image","twitter_misc":{"\u00c9crit par":"admin@24","Dur\u00e9e de lecture estim\u00e9e":"1 minute"},"schema":{"@context":"https:\/\/schema.org","@graph":[{"@type":"Article","@id":"https:\/\/mobilvetta.it\/fr\/salon-dete-ou-portes-ouvertes-concessionnaires\/#article","isPartOf":{"@id":"https:\/\/mobilvetta.it\/fr\/salon-dete-ou-portes-ouvertes-concessionnaires\/"},"author":{"name":"admin@24","@id":"https:\/\/mobilvetta.it\/fr\/#\/schema\/person\/342e92a78f285d531510c5a97ee8274c"},"headline":"Salon d\u2019\u00e9t\u00e9 ou Portes ouvertes concessionnaires","datePublished":"2020-08-05T22:00:00+00:00","mainEntityOfPage":{"@id":"https:\/\/mobilvetta.it\/fr\/salon-dete-ou-portes-ouvertes-concessionnaires\/"},"wordCount":138,"commentCount":0,"image":{"@id":"https:\/\/mobilvetta.it\/fr\/salon-dete-ou-portes-ouvertes-concessionnaires\/#primaryimage"},"thumbnailUrl":"https:\/\/mobilvetta.it\/wp-content\/uploads\/2024\/07\/Mobilvetta-Kea-P86-scaled.jpg","inLanguage":"fr-FR","potentialAction":[{"@type":"CommentAction","name":"Comment","target":["https:\/\/mobilvetta.it\/fr\/salon-dete-ou-portes-ouvertes-concessionnaires\/#respond"]}]},{"@type":"WebPage","@id":"https:\/\/mobilvetta.it\/fr\/salon-dete-ou-portes-ouvertes-concessionnaires\/","url":"https:\/\/mobilvetta.it\/fr\/salon-dete-ou-portes-ouvertes-concessionnaires\/","name":"Salon d\u2019\u00e9t\u00e9 ou Portes ouvertes concessionnaires - Mobilvetta","isPartOf":{"@id":"https:\/\/mobilvetta.it\/fr\/#website"},"primaryImageOfPage":{"@id":"https:\/\/mobilvetta.it\/fr\/salon-dete-ou-portes-ouvertes-concessionnaires\/#primaryimage"},"image":{"@id":"https:\/\/mobilvetta.it\/fr\/salon-dete-ou-portes-ouvertes-concessionnaires\/#primaryimage"},"thumbnailUrl":"https:\/\/mobilvetta.it\/wp-content\/uploads\/2024\/07\/Mobilvetta-Kea-P86-scaled.jpg","datePublished":"2020-08-05T22:00:00+00:00","author":{"@id":"https:\/\/mobilvetta.it\/fr\/#\/schema\/person\/342e92a78f285d531510c5a97ee8274c"},"breadcrumb":{"@id":"https:\/\/mobilvetta.it\/fr\/salon-dete-ou-portes-ouvertes-concessionnaires\/#breadcrumb"},"inLanguage":"fr-FR","potentialAction":[{"@type":"ReadAction","target":["https:\/\/mobilvetta.it\/fr\/salon-dete-ou-portes-ouvertes-concessionnaires\/"]}]},{"@type":"ImageObject","inLanguage":"fr-FR","@id":"https:\/\/mobilvetta.it\/fr\/salon-dete-ou-portes-ouvertes-concessionnaires\/#primaryimage","url":"https:\/\/mobilvetta.it\/wp-content\/uploads\/2024\/07\/Mobilvetta-Kea-P86-scaled.jpg","contentUrl":"https:\/\/mobilvetta.it\/wp-content\/uploads\/2024\/07\/Mobilvetta-Kea-P86-scaled.jpg","width":2560,"height":1707},{"@type":"BreadcrumbList","@id":"https:\/\/mobilvetta.it\/fr\/salon-dete-ou-portes-ouvertes-concessionnaires\/#breadcrumb","itemListElement":[{"@type":"ListItem","position":1,"name":"Home","item":"https:\/\/mobilvetta.it\/fr\/"},{"@type":"ListItem","position":2,"name":"Salon d\u2019\u00e9t\u00e9 ou Portes ouvertes concessionnaires"}]},{"@type":"WebSite","@id":"https:\/\/mobilvetta.it\/fr\/#website","url":"https:\/\/mobilvetta.it\/fr\/","name":"Mobilvetta","description":"","potentialAction":[{"@type":"SearchAction","target":{"@type":"EntryPoint","urlTemplate":"https:\/\/mobilvetta.it\/fr\/?s={search_term_string}"},"query-input":{"@type":"PropertyValueSpecification","valueRequired":true,"valueName":"search_term_string"}}],"inLanguage":"fr-FR"},{"@type":"Person","@id":"https:\/\/mobilvetta.it\/fr\/#\/schema\/person\/342e92a78f285d531510c5a97ee8274c","name":"admin@24","image":{"@type":"ImageObject","inLanguage":"fr-FR","@id":"https:\/\/secure.gravatar.com\/avatar\/1e13a134496ae45e94c3dd4aefc56faf03b6c1d0be57808396a2cb32a0e0e667?s=96&d=mm&r=g","url":"https:\/\/secure.gravatar.com\/avatar\/1e13a134496ae45e94c3dd4aefc56faf03b6c1d0be57808396a2cb32a0e0e667?s=96&d=mm&r=g","contentUrl":"https:\/\/secure.gravatar.com\/avatar\/1e13a134496ae45e94c3dd4aefc56faf03b6c1d0be57808396a2cb32a0e0e667?s=96&d=mm&r=g","caption":"admin@24"},"sameAs":["https:\/\/mobilvetta.it"],"url":"https:\/\/mobilvetta.it\/fr\/author\/admin24\/"}]}},"_links":{"self":[{"href":"https:\/\/mobilvetta.it\/fr\/wp-json\/wp\/v2\/posts\/7866","targetHints":{"allow":["GET"]}}],"collection":[{"href":"https:\/\/mobilvetta.it\/fr\/wp-json\/wp\/v2\/posts"}],"about":[{"href":"https:\/\/mobilvetta.it\/fr\/wp-json\/wp\/v2\/types\/post"}],"author":[{"embeddable":true,"href":"https:\/\/mobilvetta.it\/fr\/wp-json\/wp\/v2\/users\/1"}],"replies":[{"embeddable":true,"href":"https:\/\/mobilvetta.it\/fr\/wp-json\/wp\/v2\/comments?post=7866"}],"version-history":[{"count":0,"href":"https:\/\/mobilvetta.it\/fr\/wp-json\/wp\/v2\/posts\/7866\/revisions"}],"wp:featuredmedia":[{"embeddable":true,"href":"https:\/\/mobilvetta.it\/fr\/wp-json\/wp\/v2\/media\/7867"}],"wp:attachment":[{"href":"https:\/\/mobilvetta.it\/fr\/wp-json\/wp\/v2\/media?parent=7866"}],"wp:term":[{"taxonomy":"post_tag","embeddable":true,"href":"https:\/\/mobilvetta.it\/fr\/wp-json\/wp\/v2\/tags?post=7866"}],"curies":[{"name":"wp","href":"https:\/\/api.w.org\/{rel}","templated":true}]}}