{"id":14271,"date":"2026-09-01T09:14:15","date_gmt":"2026-09-01T07:14:15","guid":{"rendered":"https:\/\/mobilvetta.it\/?p=14271"},"modified":"2026-09-01T09:14:15","modified_gmt":"2026-09-01T07:14:15","slug":"decouvrez-lexcellence-mobilvetta-a-paris-le-bourget","status":"publish","type":"post","link":"https:\/\/mobilvetta.it\/fr\/decouvrez-lexcellence-mobilvetta-a-paris-le-bourget\/","title":{"rendered":"D\u00e9couvrez l\u2019excellence Mobilvetta \u00e0 Paris-Le Bourget"},"content":{"rendered":"<p>\u00c0 l\u2019occasion de la <strong>60e \u00e9dition du Salon des V\u00e9hicules de Loisirs<\/strong>, Mobilvetta vous ouvre les portes de son univers du <strong>26 septembre au 4 octobre 2026<\/strong> au Parc des Expositions de Paris-Le Bourget.<\/p>\n<p>Venez appr\u00e9cier la <strong>collection 2027<\/strong>, o\u00f9 design italien, technologie et confort se rencontrent dans des v\u00e9hicules con\u00e7us avec une attention particuli\u00e8re port\u00e9e aux d\u00e9tails.<br \/>\nNos \u00e9quipes vous recevront <strong>hall 4<\/strong>,<strong> stand B12<\/strong> pour vous faire visiter les mod\u00e8les pr\u00e9sent\u00e9s et vous guider \u00e0 travers leurs \u00e9quipements et leurs finitions.<br \/>\nL\u2019exp\u00e9rience Mobilvetta se poursuit \u00e9galement aupr\u00e8s de nos <strong>concessionnaires partenaires<\/strong>, disponibles pour vous accompagner dans votre projet.<\/p>\n<p>Nous vous attendons au Bourget pour d\u00e9couvrir une vision du voyage o\u00f9 \u00e9l\u00e9gance et innovation vont de pair.<\/p>\n<p><strong>Les nouveaux mod\u00e8les \u00e0 voir sur notre stand <\/strong>:<\/p>\n<p><strong>FOURGONS <\/strong>: <a href=\"https:\/\/mobilvetta.it\/fr\/tipologia\/fourgon-fr\/karys-5-1\/\">Karys 5.1<\/a> \u2013 <a href=\"https:\/\/mobilvetta.it\/fr\/tipologia\/fourgon-fr\/karys-6-5\/\">Karys 6.5<\/a><\/p>\n<p><strong>INT\u00c9GRAUX<\/strong> : <a href=\"https:\/\/mobilvetta.it\/fr\/tipologia\/integral-fr\/k-yacht-tekno-design-79\/\">K-Yacht Tekno Design 79<\/a><\/p>\n<p><img loading=\"lazy\" decoding=\"async\" class=\"alignnone  wp-image-14272\" src=\"https:\/\/mobilvetta.it\/wp-content\/uploads\/2026\/09\/cartouche-152x300.jpg\" alt=\"\" width=\"469\" height=\"926\" srcset=\"https:\/\/mobilvetta.it\/wp-content\/uploads\/2026\/09\/cartouche-152x300.jpg 152w, https:\/\/mobilvetta.it\/wp-content\/uploads\/2026\/09\/cartouche-518x1024.jpg 518w, https:\/\/mobilvetta.it\/wp-content\/uploads\/2026\/09\/cartouche-768x1517.jpg 768w, https:\/\/mobilvetta.it\/wp-content\/uploads\/2026\/09\/cartouche-778x1536.jpg 778w, https:\/\/mobilvetta.it\/wp-content\/uploads\/2026\/09\/cartouche-1037x2048.jpg 1037w, https:\/\/mobilvetta.it\/wp-content\/uploads\/2026\/09\/cartouche.jpg 1280w\" sizes=\"auto, (max-width: 469px) 100vw, 469px\" \/><\/p>\n","protected":false},"excerpt":{"rendered":"<p>\u00c0 l\u2019occasion de la 60e \u00e9dition du Salon des V\u00e9hicules de Loisirs, Mobilvetta vous ouvre les portes de son univers du 26 septembre au 4 octobre 2026 au Parc des Expositions de Paris-Le Bourget. Venez appr\u00e9cier la collection 2027, o\u00f9 design italien, technologie et confort se rencontrent dans des v\u00e9hicules con\u00e7us avec une attention particuli\u00e8re &hellip; <a href=\"https:\/\/mobilvetta.it\/fr\/decouvrez-lexcellence-mobilvetta-a-paris-le-bourget\/\">Continued<\/a><\/p>\n","protected":false},"author":2,"featured_media":13686,"comment_status":"closed","ping_status":"closed","sticky":false,"template":"","format":"standard","meta":{"_acf_changed":false,"inline_featured_image":false,"footnotes":""},"tags":[],"class_list":["post-14271","post","type-post","status-publish","format-standard","has-post-thumbnail","hentry"],"acf":[],"yoast_head":"<!-- This site is optimized with the Yoast SEO plugin v28.1 - https:\/\/yoast.com\/product\/yoast-seo-wordpress\/ -->\n<title>D\u00e9couvrez l\u2019excellence Mobilvetta \u00e0 Paris-Le Bourget - Mobilvetta<\/title>\n<meta name=\"robots\" content=\"index, follow, max-snippet:-1, max-image-preview:large, max-video-preview:-1\" \/>\n<link rel=\"canonical\" href=\"https:\/\/mobilvetta.it\/fr\/decouvrez-lexcellence-mobilvetta-a-paris-le-bourget\/\" \/>\n<meta property=\"og:locale\" content=\"fr_FR\" \/>\n<meta property=\"og:type\" content=\"article\" \/>\n<meta property=\"og:title\" content=\"D\u00e9couvrez l\u2019excellence Mobilvetta \u00e0 Paris-Le Bourget - Mobilvetta\" \/>\n<meta property=\"og:description\" content=\"\u00c0 l\u2019occasion de la 60e \u00e9dition du Salon des V\u00e9hicules de Loisirs, Mobilvetta vous ouvre les portes de son univers du 26 septembre au 4 octobre 2026 au Parc des Expositions de Paris-Le Bourget. Venez appr\u00e9cier la collection 2027, o\u00f9 design italien, technologie et confort se rencontrent dans des v\u00e9hicules con\u00e7us avec une attention particuli\u00e8re &hellip; Continued\" \/>\n<meta property=\"og:url\" content=\"https:\/\/mobilvetta.it\/fr\/decouvrez-lexcellence-mobilvetta-a-paris-le-bourget\/\" \/>\n<meta property=\"og:site_name\" content=\"Mobilvetta\" \/>\n<meta property=\"article:published_time\" content=\"2026-09-01T07:14:15+00:00\" \/>\n<meta property=\"og:image\" content=\"https:\/\/mobilvetta.it\/wp-content\/uploads\/2026\/06\/MBV-KARYS-AMB-219.jpg\" \/>\n\t<meta property=\"og:image:width\" content=\"1920\" \/>\n\t<meta property=\"og:image:height\" content=\"1280\" \/>\n\t<meta property=\"og:image:type\" content=\"image\/jpeg\" \/>\n<meta name=\"author\" content=\"gmachetti\" \/>\n<meta name=\"twitter:card\" content=\"summary_large_image\" \/>\n<meta name=\"twitter:label1\" content=\"\u00c9crit par\" \/>\n\t<meta name=\"twitter:data1\" content=\"gmachetti\" \/>\n\t<meta name=\"twitter:label2\" content=\"Dur\u00e9e de lecture estim\u00e9e\" \/>\n\t<meta name=\"twitter:data2\" content=\"2 minutes\" \/>\n<script type=\"application\/ld+json\" class=\"yoast-schema-graph\">{\"@context\":\"https:\\\/\\\/schema.org\",\"@graph\":[{\"@type\":\"Article\",\"@id\":\"https:\\\/\\\/mobilvetta.it\\\/fr\\\/decouvrez-lexcellence-mobilvetta-a-paris-le-bourget\\\/#article\",\"isPartOf\":{\"@id\":\"https:\\\/\\\/mobilvetta.it\\\/fr\\\/decouvrez-lexcellence-mobilvetta-a-paris-le-bourget\\\/\"},\"author\":{\"name\":\"gmachetti\",\"@id\":\"https:\\\/\\\/mobilvetta.it\\\/fr\\\/#\\\/schema\\\/person\\\/aa5f9ced2aa01a40244f192f5b7eced6\"},\"headline\":\"D\u00e9couvrez l\u2019excellence Mobilvetta \u00e0 Paris-Le Bourget\",\"datePublished\":\"2026-09-01T07:14:15+00:00\",\"mainEntityOfPage\":{\"@id\":\"https:\\\/\\\/mobilvetta.it\\\/fr\\\/decouvrez-lexcellence-mobilvetta-a-paris-le-bourget\\\/\"},\"wordCount\":150,\"image\":{\"@id\":\"https:\\\/\\\/mobilvetta.it\\\/fr\\\/decouvrez-lexcellence-mobilvetta-a-paris-le-bourget\\\/#primaryimage\"},\"thumbnailUrl\":\"https:\\\/\\\/mobilvetta.it\\\/wp-content\\\/uploads\\\/2026\\\/06\\\/MBV-KARYS-AMB-219.jpg\",\"inLanguage\":\"fr-FR\"},{\"@type\":\"WebPage\",\"@id\":\"https:\\\/\\\/mobilvetta.it\\\/fr\\\/decouvrez-lexcellence-mobilvetta-a-paris-le-bourget\\\/\",\"url\":\"https:\\\/\\\/mobilvetta.it\\\/fr\\\/decouvrez-lexcellence-mobilvetta-a-paris-le-bourget\\\/\",\"name\":\"D\u00e9couvrez l\u2019excellence Mobilvetta \u00e0 Paris-Le Bourget - Mobilvetta\",\"isPartOf\":{\"@id\":\"https:\\\/\\\/mobilvetta.it\\\/fr\\\/#website\"},\"primaryImageOfPage\":{\"@id\":\"https:\\\/\\\/mobilvetta.it\\\/fr\\\/decouvrez-lexcellence-mobilvetta-a-paris-le-bourget\\\/#primaryimage\"},\"image\":{\"@id\":\"https:\\\/\\\/mobilvetta.it\\\/fr\\\/decouvrez-lexcellence-mobilvetta-a-paris-le-bourget\\\/#primaryimage\"},\"thumbnailUrl\":\"https:\\\/\\\/mobilvetta.it\\\/wp-content\\\/uploads\\\/2026\\\/06\\\/MBV-KARYS-AMB-219.jpg\",\"datePublished\":\"2026-09-01T07:14:15+00:00\",\"author\":{\"@id\":\"https:\\\/\\\/mobilvetta.it\\\/fr\\\/#\\\/schema\\\/person\\\/aa5f9ced2aa01a40244f192f5b7eced6\"},\"breadcrumb\":{\"@id\":\"https:\\\/\\\/mobilvetta.it\\\/fr\\\/decouvrez-lexcellence-mobilvetta-a-paris-le-bourget\\\/#breadcrumb\"},\"inLanguage\":\"fr-FR\",\"potentialAction\":[{\"@type\":\"ReadAction\",\"target\":[\"https:\\\/\\\/mobilvetta.it\\\/fr\\\/decouvrez-lexcellence-mobilvetta-a-paris-le-bourget\\\/\"]}]},{\"@type\":\"ImageObject\",\"inLanguage\":\"fr-FR\",\"@id\":\"https:\\\/\\\/mobilvetta.it\\\/fr\\\/decouvrez-lexcellence-mobilvetta-a-paris-le-bourget\\\/#primaryimage\",\"url\":\"https:\\\/\\\/mobilvetta.it\\\/wp-content\\\/uploads\\\/2026\\\/06\\\/MBV-KARYS-AMB-219.jpg\",\"contentUrl\":\"https:\\\/\\\/mobilvetta.it\\\/wp-content\\\/uploads\\\/2026\\\/06\\\/MBV-KARYS-AMB-219.jpg\",\"width\":1920,\"height\":1280},{\"@type\":\"BreadcrumbList\",\"@id\":\"https:\\\/\\\/mobilvetta.it\\\/fr\\\/decouvrez-lexcellence-mobilvetta-a-paris-le-bourget\\\/#breadcrumb\",\"itemListElement\":[{\"@type\":\"ListItem\",\"position\":1,\"name\":\"Home\",\"item\":\"https:\\\/\\\/mobilvetta.it\\\/fr\\\/\"},{\"@type\":\"ListItem\",\"position\":2,\"name\":\"D\u00e9couvrez l\u2019excellence Mobilvetta \u00e0 Paris-Le Bourget\"}]},{\"@type\":\"WebSite\",\"@id\":\"https:\\\/\\\/mobilvetta.it\\\/fr\\\/#website\",\"url\":\"https:\\\/\\\/mobilvetta.it\\\/fr\\\/\",\"name\":\"Mobilvetta\",\"description\":\"\",\"potentialAction\":[{\"@type\":\"SearchAction\",\"target\":{\"@type\":\"EntryPoint\",\"urlTemplate\":\"https:\\\/\\\/mobilvetta.it\\\/fr\\\/?s={search_term_string}\"},\"query-input\":{\"@type\":\"PropertyValueSpecification\",\"valueRequired\":true,\"valueName\":\"search_term_string\"}}],\"inLanguage\":\"fr-FR\"},{\"@type\":\"Person\",\"@id\":\"https:\\\/\\\/mobilvetta.it\\\/fr\\\/#\\\/schema\\\/person\\\/aa5f9ced2aa01a40244f192f5b7eced6\",\"name\":\"gmachetti\",\"image\":{\"@type\":\"ImageObject\",\"inLanguage\":\"fr-FR\",\"@id\":\"https:\\\/\\\/secure.gravatar.com\\\/avatar\\\/1c9513b6a748b7ddd330e39a6916148d4289591b5ad773e5b5b367ae48c24cbd?s=96&d=mm&r=g\",\"url\":\"https:\\\/\\\/secure.gravatar.com\\\/avatar\\\/1c9513b6a748b7ddd330e39a6916148d4289591b5ad773e5b5b367ae48c24cbd?s=96&d=mm&r=g\",\"contentUrl\":\"https:\\\/\\\/secure.gravatar.com\\\/avatar\\\/1c9513b6a748b7ddd330e39a6916148d4289591b5ad773e5b5b367ae48c24cbd?s=96&d=mm&r=g\",\"caption\":\"gmachetti\"},\"url\":\"https:\\\/\\\/mobilvetta.it\\\/fr\\\/author\\\/gmachetti\\\/\"}]}<\/script>\n<!-- \/ Yoast SEO plugin. -->","yoast_head_json":{"title":"D\u00e9couvrez l\u2019excellence Mobilvetta \u00e0 Paris-Le Bourget - Mobilvetta","robots":{"index":"index","follow":"follow","max-snippet":"max-snippet:-1","max-image-preview":"max-image-preview:large","max-video-preview":"max-video-preview:-1"},"canonical":"https:\/\/mobilvetta.it\/fr\/decouvrez-lexcellence-mobilvetta-a-paris-le-bourget\/","og_locale":"fr_FR","og_type":"article","og_title":"D\u00e9couvrez l\u2019excellence Mobilvetta \u00e0 Paris-Le Bourget - Mobilvetta","og_description":"\u00c0 l\u2019occasion de la 60e \u00e9dition du Salon des V\u00e9hicules de Loisirs, Mobilvetta vous ouvre les portes de son univers du 26 septembre au 4 octobre 2026 au Parc des Expositions de Paris-Le Bourget. Venez appr\u00e9cier la collection 2027, o\u00f9 design italien, technologie et confort se rencontrent dans des v\u00e9hicules con\u00e7us avec une attention particuli\u00e8re &hellip; Continued","og_url":"https:\/\/mobilvetta.it\/fr\/decouvrez-lexcellence-mobilvetta-a-paris-le-bourget\/","og_site_name":"Mobilvetta","article_published_time":"2026-09-01T07:14:15+00:00","og_image":[{"width":1920,"height":1280,"url":"https:\/\/mobilvetta.it\/wp-content\/uploads\/2026\/06\/MBV-KARYS-AMB-219.jpg","type":"image\/jpeg"}],"author":"gmachetti","twitter_card":"summary_large_image","twitter_misc":{"\u00c9crit par":"gmachetti","Dur\u00e9e de lecture estim\u00e9e":"2 minutes"},"schema":{"@context":"https:\/\/schema.org","@graph":[{"@type":"Article","@id":"https:\/\/mobilvetta.it\/fr\/decouvrez-lexcellence-mobilvetta-a-paris-le-bourget\/#article","isPartOf":{"@id":"https:\/\/mobilvetta.it\/fr\/decouvrez-lexcellence-mobilvetta-a-paris-le-bourget\/"},"author":{"name":"gmachetti","@id":"https:\/\/mobilvetta.it\/fr\/#\/schema\/person\/aa5f9ced2aa01a40244f192f5b7eced6"},"headline":"D\u00e9couvrez l\u2019excellence Mobilvetta \u00e0 Paris-Le Bourget","datePublished":"2026-09-01T07:14:15+00:00","mainEntityOfPage":{"@id":"https:\/\/mobilvetta.it\/fr\/decouvrez-lexcellence-mobilvetta-a-paris-le-bourget\/"},"wordCount":150,"image":{"@id":"https:\/\/mobilvetta.it\/fr\/decouvrez-lexcellence-mobilvetta-a-paris-le-bourget\/#primaryimage"},"thumbnailUrl":"https:\/\/mobilvetta.it\/wp-content\/uploads\/2026\/06\/MBV-KARYS-AMB-219.jpg","inLanguage":"fr-FR"},{"@type":"WebPage","@id":"https:\/\/mobilvetta.it\/fr\/decouvrez-lexcellence-mobilvetta-a-paris-le-bourget\/","url":"https:\/\/mobilvetta.it\/fr\/decouvrez-lexcellence-mobilvetta-a-paris-le-bourget\/","name":"D\u00e9couvrez l\u2019excellence Mobilvetta \u00e0 Paris-Le Bourget - Mobilvetta","isPartOf":{"@id":"https:\/\/mobilvetta.it\/fr\/#website"},"primaryImageOfPage":{"@id":"https:\/\/mobilvetta.it\/fr\/decouvrez-lexcellence-mobilvetta-a-paris-le-bourget\/#primaryimage"},"image":{"@id":"https:\/\/mobilvetta.it\/fr\/decouvrez-lexcellence-mobilvetta-a-paris-le-bourget\/#primaryimage"},"thumbnailUrl":"https:\/\/mobilvetta.it\/wp-content\/uploads\/2026\/06\/MBV-KARYS-AMB-219.jpg","datePublished":"2026-09-01T07:14:15+00:00","author":{"@id":"https:\/\/mobilvetta.it\/fr\/#\/schema\/person\/aa5f9ced2aa01a40244f192f5b7eced6"},"breadcrumb":{"@id":"https:\/\/mobilvetta.it\/fr\/decouvrez-lexcellence-mobilvetta-a-paris-le-bourget\/#breadcrumb"},"inLanguage":"fr-FR","potentialAction":[{"@type":"ReadAction","target":["https:\/\/mobilvetta.it\/fr\/decouvrez-lexcellence-mobilvetta-a-paris-le-bourget\/"]}]},{"@type":"ImageObject","inLanguage":"fr-FR","@id":"https:\/\/mobilvetta.it\/fr\/decouvrez-lexcellence-mobilvetta-a-paris-le-bourget\/#primaryimage","url":"https:\/\/mobilvetta.it\/wp-content\/uploads\/2026\/06\/MBV-KARYS-AMB-219.jpg","contentUrl":"https:\/\/mobilvetta.it\/wp-content\/uploads\/2026\/06\/MBV-KARYS-AMB-219.jpg","width":1920,"height":1280},{"@type":"BreadcrumbList","@id":"https:\/\/mobilvetta.it\/fr\/decouvrez-lexcellence-mobilvetta-a-paris-le-bourget\/#breadcrumb","itemListElement":[{"@type":"ListItem","position":1,"name":"Home","item":"https:\/\/mobilvetta.it\/fr\/"},{"@type":"ListItem","position":2,"name":"D\u00e9couvrez l\u2019excellence Mobilvetta \u00e0 Paris-Le Bourget"}]},{"@type":"WebSite","@id":"https:\/\/mobilvetta.it\/fr\/#website","url":"https:\/\/mobilvetta.it\/fr\/","name":"Mobilvetta","description":"","potentialAction":[{"@type":"SearchAction","target":{"@type":"EntryPoint","urlTemplate":"https:\/\/mobilvetta.it\/fr\/?s={search_term_string}"},"query-input":{"@type":"PropertyValueSpecification","valueRequired":true,"valueName":"search_term_string"}}],"inLanguage":"fr-FR"},{"@type":"Person","@id":"https:\/\/mobilvetta.it\/fr\/#\/schema\/person\/aa5f9ced2aa01a40244f192f5b7eced6","name":"gmachetti","image":{"@type":"ImageObject","inLanguage":"fr-FR","@id":"https:\/\/secure.gravatar.com\/avatar\/1c9513b6a748b7ddd330e39a6916148d4289591b5ad773e5b5b367ae48c24cbd?s=96&d=mm&r=g","url":"https:\/\/secure.gravatar.com\/avatar\/1c9513b6a748b7ddd330e39a6916148d4289591b5ad773e5b5b367ae48c24cbd?s=96&d=mm&r=g","contentUrl":"https:\/\/secure.gravatar.com\/avatar\/1c9513b6a748b7ddd330e39a6916148d4289591b5ad773e5b5b367ae48c24cbd?s=96&d=mm&r=g","caption":"gmachetti"},"url":"https:\/\/mobilvetta.it\/fr\/author\/gmachetti\/"}]}},"_links":{"self":[{"href":"https:\/\/mobilvetta.it\/fr\/wp-json\/wp\/v2\/posts\/14271","targetHints":{"allow":["GET"]}}],"collection":[{"href":"https:\/\/mobilvetta.it\/fr\/wp-json\/wp\/v2\/posts"}],"about":[{"href":"https:\/\/mobilvetta.it\/fr\/wp-json\/wp\/v2\/types\/post"}],"author":[{"embeddable":true,"href":"https:\/\/mobilvetta.it\/fr\/wp-json\/wp\/v2\/users\/2"}],"replies":[{"embeddable":true,"href":"https:\/\/mobilvetta.it\/fr\/wp-json\/wp\/v2\/comments?post=14271"}],"version-history":[{"count":1,"href":"https:\/\/mobilvetta.it\/fr\/wp-json\/wp\/v2\/posts\/14271\/revisions"}],"predecessor-version":[{"id":14277,"href":"https:\/\/mobilvetta.it\/fr\/wp-json\/wp\/v2\/posts\/14271\/revisions\/14277"}],"wp:featuredmedia":[{"embeddable":true,"href":"https:\/\/mobilvetta.it\/fr\/wp-json\/wp\/v2\/media\/13686"}],"wp:attachment":[{"href":"https:\/\/mobilvetta.it\/fr\/wp-json\/wp\/v2\/media?parent=14271"}],"wp:term":[{"taxonomy":"post_tag","embeddable":true,"href":"https:\/\/mobilvetta.it\/fr\/wp-json\/wp\/v2\/tags?post=14271"}],"curies":[{"name":"wp","href":"https:\/\/api.w.org\/{rel}","templated":true}]}}