{"id":12224,"date":"2026-07-23T12:54:29","date_gmt":"2026-07-23T10:54:29","guid":{"rendered":"https:\/\/mobilvetta.it\/?p=12224"},"modified":"2026-07-23T17:36:45","modified_gmt":"2026-07-23T15:36:45","slug":"salons-dete-et-portes-ouvertes-des-concessionnaires-mobilvetta","status":"publish","type":"post","link":"https:\/\/mobilvetta.it\/fr\/salons-dete-et-portes-ouvertes-des-concessionnaires-mobilvetta\/","title":{"rendered":"Salons d\u2019\u00e9t\u00e9 et Portes ouvertes des concessionnaires Mobilvetta 2026"},"content":{"rendered":"<div class=\"table-responsive\"><table class=\"table\" style=\"width: 93.4119%; height: 801px;\" width=\"670\">\n<tbody>\n<tr>\n<td width=\"308\"><strong>FOIRE OU SALON<\/strong><\/td>\n<td width=\"184\"><strong>DISTRIBUTEUR<\/strong><\/td>\n<td width=\"89\"><strong>DEBUT<\/strong><\/td>\n<td width=\"89\"><strong>FIN<\/strong><\/td>\n<\/tr>\n<tr>\n<td width=\"308\">JPO DE BEAULIEU<\/td>\n<td width=\"184\">SLC<\/td>\n<td width=\"89\">03\/09\/2026<\/td>\n<td width=\"89\">06\/09\/2026<\/td>\n<\/tr>\n<tr>\n<td width=\"308\">SALON HALL 15<\/td>\n<td width=\"184\">PLEIN AIR NORMANDIE<\/td>\n<td width=\"89\">07\/09\/2026<\/td>\n<td width=\"89\">13\/09\/2026<\/td>\n<\/tr>\n<tr>\n<td width=\"308\">SALON JOUSSEMET<\/td>\n<td width=\"184\">OLERON CC<\/td>\n<td width=\"89\">09\/09\/2026<\/td>\n<td width=\"89\">13\/09\/2026<\/td>\n<\/tr>\n<tr>\n<td width=\"308\">SALON TOULOUSE<\/td>\n<td width=\"184\">MURATET<\/td>\n<td width=\"89\">10\/09\/2026<\/td>\n<td width=\"89\">13\/09\/2026<\/td>\n<\/tr>\n<tr>\n<td width=\"308\">LES 4 JOURS DU MANS<\/td>\n<td width=\"184\">Azur 72<\/td>\n<td width=\"89\">10\/09\/2026<\/td>\n<td width=\"89\">14\/09\/2026<\/td>\n<\/tr>\n<tr>\n<td width=\"308\">FOIRE DE ST BRIEUC<\/td>\n<td width=\"184\">SLC 22<\/td>\n<td width=\"89\">12\/09\/2026<\/td>\n<td width=\"89\">20\/09\/2026<\/td>\n<\/tr>\n<tr>\n<td width=\"308\">BORD EXPO<\/td>\n<td width=\"184\">CAP PASSION<\/td>\n<td width=\"89\">17\/09\/2026<\/td>\n<td width=\"89\">20\/09\/2026<\/td>\n<\/tr>\n<tr>\n<td width=\"308\">SALON HANGAR 23<\/td>\n<td width=\"184\">PLEIN AIR NORMANDIE<\/td>\n<td width=\"89\">17\/09\/2025<\/td>\n<td width=\"89\">20\/09\/2025<\/td>\n<\/tr>\n<tr>\n<td width=\"308\">SALON DU CAMPING CAR 83<\/td>\n<td width=\"184\">CAR LOISIRS 83<\/td>\n<td width=\"89\">17\/09\/2026<\/td>\n<td width=\"89\">20\/09\/2026<\/td>\n<\/tr>\n<tr>\n<td width=\"308\">SALON DE NICE<\/td>\n<td width=\"184\">MISTRAL<\/td>\n<td width=\"89\">18\/09\/2026<\/td>\n<td width=\"89\">21\/09\/2026<\/td>\n<\/tr>\n<tr>\n<td width=\"308\">FOIRE DE CAEN<\/td>\n<td width=\"184\">SLC 14<\/td>\n<td width=\"89\">19\/09\/2026<\/td>\n<td width=\"89\">28\/09\/2026<\/td>\n<\/tr>\n<tr>\n<td width=\"308\">FESTIVAL D AGEN<\/td>\n<td width=\"184\">LOISIREO AGEN<\/td>\n<td width=\"89\">08\/10\/2026<\/td>\n<td width=\"89\">11\/10\/2026<\/td>\n<\/tr>\n<tr>\n<td width=\"308\">SALON DE ROUEN<\/td>\n<td width=\"184\">PLEIN AIR<\/td>\n<td width=\"89\">08\/10\/2026<\/td>\n<td width=\"89\">12\/10\/2026<\/td>\n<\/tr>\n<tr>\n<td width=\"308\">SALON DE BREST<\/td>\n<td width=\"184\">SLC<\/td>\n<td width=\"89\">09\/10\/2026<\/td>\n<td width=\"89\">12\/10\/2026<\/td>\n<\/tr>\n<tr>\n<td width=\"308\">SALON NANTES ROAD TRIP<\/td>\n<td width=\"184\">SLC<\/td>\n<td width=\"89\">09\/10\/2026<\/td>\n<td width=\"89\">12\/10\/2026<\/td>\n<\/tr>\n<tr>\n<td width=\"308\">SALON DE POITIERS<\/td>\n<td width=\"184\">AZUR 86<\/td>\n<td width=\"89\">09\/10\/2026<\/td>\n<td width=\"89\">11\/10\/2026<\/td>\n<\/tr>\n<tr>\n<td width=\"308\">SALON DE CAVAILLON<\/td>\n<td width=\"184\">CAR LOISIRS 84<\/td>\n<td width=\"89\">15\/10\/2026<\/td>\n<td width=\"89\">18\/10\/2026<\/td>\n<\/tr>\n<tr>\n<td width=\"308\">SALON VENDEE OCEAN<\/td>\n<td width=\"184\">SLC 85<\/td>\n<td width=\"89\">15\/10\/2026<\/td>\n<td width=\"89\">18\/10\/2026<\/td>\n<\/tr>\n<tr>\n<td width=\"308\">SALON DE MARTIGUE<\/td>\n<td width=\"184\">CAR LOISIRS 13<\/td>\n<td width=\"89\">22\/10\/2026<\/td>\n<td width=\"89\">25\/10\/2026<\/td>\n<\/tr>\n<tr>\n<td width=\"308\">SALON DE QUIMPER<\/td>\n<td width=\"184\">SLC 29<\/td>\n<td width=\"89\">22\/10\/2026<\/td>\n<td width=\"89\">25\/10\/2026<\/td>\n<\/tr>\n<tr>\n<td width=\"308\">SALON D&rsquo;ANGERS<\/td>\n<td width=\"184\">SLC<\/td>\n<td width=\"89\">23\/10\/2026<\/td>\n<td width=\"89\">26\/10\/2026<\/td>\n<\/tr>\n<tr>\n<td width=\"308\">SALON DE TOURS<\/td>\n<td width=\"184\">AZUR 37<\/td>\n<td width=\"89\">24\/10\/2026<\/td>\n<td width=\"89\">27\/10\/2026<\/td>\n<\/tr>\n<tr>\n<td width=\"308\">SALON DE DOUAI<\/td>\n<td width=\"184\">ETS LESTRINGUEZ<\/td>\n<td width=\"89\">24\/10\/2026<\/td>\n<td width=\"89\">01\/11\/2026<\/td>\n<\/tr>\n<tr>\n<td width=\"308\">SALON D ALES<\/td>\n<td width=\"184\">LOISIREO NIMES<\/td>\n<td width=\"89\">29\/10\/2026<\/td>\n<td width=\"89\">01\/11\/2026<\/td>\n<\/tr>\n<tr>\n<td width=\"308\">SALON DU CAMPING CAR DE RENNES<\/td>\n<td width=\"184\">ADS<\/td>\n<td width=\"89\">07\/11\/2026<\/td>\n<td width=\"89\">11\/11\/2026<\/td>\n<\/tr>\n<\/tbody>\n<\/table><\/div>\n<h2><\/h2>\n<h2>Portes ouvertes des concessionnaires Mobilvetta<\/h2>\n<div class=\"table-responsive\"><table class=\"table\" style=\"width: 75.6425%; height: 157px;\" width=\"424\">\n<tbody>\n<tr>\n<td style=\"width: 37.8805%;\" width=\"165\">DISTRIBUTEUR<\/td>\n<td style=\"width: 3.38219%;\" width=\"134\"><\/td>\n<td style=\"width: 18.9403%;\" width=\"66\">DEBUT<\/td>\n<td style=\"width: 38.3314%;\" width=\"59\">FIN<\/td>\n<\/tr>\n<tr>\n<td style=\"width: 37.8805%;\" width=\"165\">ARC EN CIEL<\/td>\n<td style=\"width: 3.38219%;\" width=\"134\"><\/td>\n<td style=\"width: 18.9403%;\" width=\"66\">8,09<\/td>\n<td style=\"width: 38.3314%;\" width=\"59\">12,09<\/td>\n<\/tr>\n<tr>\n<td style=\"width: 37.8805%;\" width=\"165\">CLC<\/td>\n<td style=\"width: 3.38219%;\" width=\"134\"><\/td>\n<td style=\"width: 18.9403%;\" width=\"66\">10.10<\/td>\n<td style=\"width: 38.3314%;\" width=\"59\">13.10<\/td>\n<\/tr>\n<tr>\n<td style=\"width: 37.8805%;\" width=\"165\">AZUR 37<\/td>\n<td style=\"width: 3.38219%;\" width=\"134\"><\/td>\n<td style=\"width: 18.9403%;\" width=\"66\">17.09<\/td>\n<td style=\"width: 38.3314%;\" width=\"59\">23.09<\/td>\n<\/tr>\n<tr>\n<td style=\"width: 37.8805%;\" width=\"165\">CLC<\/td>\n<td style=\"width: 3.38219%;\" width=\"134\"><\/td>\n<td style=\"width: 18.9403%;\" width=\"66\">09.10<\/td>\n<td style=\"width: 38.3314%;\" width=\"59\">11.10<\/td>\n<\/tr>\n<\/tbody>\n<\/table><\/div>\n","protected":false},"excerpt":{"rendered":"<p>FOIRE OU SALON DISTRIBUTEUR DEBUT FIN JPO DE BEAULIEU SLC 03\/09\/2026 06\/09\/2026 SALON HALL 15 PLEIN AIR NORMANDIE 07\/09\/2026 13\/09\/2026 SALON JOUSSEMET OLERON CC 09\/09\/2026 13\/09\/2026 SALON TOULOUSE MURATET 10\/09\/2026 13\/09\/2026 LES 4 JOURS DU MANS Azur 72 10\/09\/2026 14\/09\/2026 FOIRE DE ST BRIEUC SLC 22 12\/09\/2026 20\/09\/2026 BORD EXPO CAP PASSION 17\/09\/2026 20\/09\/2026 SALON &hellip; <a href=\"https:\/\/mobilvetta.it\/fr\/salons-dete-et-portes-ouvertes-des-concessionnaires-mobilvetta\/\">Continued<\/a><\/p>\n","protected":false},"author":2,"featured_media":13686,"comment_status":"closed","ping_status":"closed","sticky":false,"template":"","format":"standard","meta":{"_acf_changed":false,"inline_featured_image":false,"footnotes":""},"tags":[],"class_list":["post-12224","post","type-post","status-publish","format-standard","has-post-thumbnail","hentry"],"acf":[],"yoast_head":"<!-- This site is optimized with the Yoast SEO plugin v28.1 - https:\/\/yoast.com\/product\/yoast-seo-wordpress\/ -->\n<title>Salons d\u2019\u00e9t\u00e9 et Portes ouvertes des concessionnaires Mobilvetta 2026 - Mobilvetta<\/title>\n<meta name=\"robots\" content=\"index, follow, max-snippet:-1, max-image-preview:large, max-video-preview:-1\" \/>\n<link rel=\"canonical\" href=\"https:\/\/mobilvetta.it\/fr\/salons-dete-et-portes-ouvertes-des-concessionnaires-mobilvetta\/\" \/>\n<meta property=\"og:locale\" content=\"fr_FR\" \/>\n<meta property=\"og:type\" content=\"article\" \/>\n<meta property=\"og:title\" content=\"Salons d\u2019\u00e9t\u00e9 et Portes ouvertes des concessionnaires Mobilvetta 2026 - Mobilvetta\" \/>\n<meta property=\"og:description\" content=\"FOIRE OU SALON DISTRIBUTEUR DEBUT FIN JPO DE BEAULIEU SLC 03\/09\/2026 06\/09\/2026 SALON HALL 15 PLEIN AIR NORMANDIE 07\/09\/2026 13\/09\/2026 SALON JOUSSEMET OLERON CC 09\/09\/2026 13\/09\/2026 SALON TOULOUSE MURATET 10\/09\/2026 13\/09\/2026 LES 4 JOURS DU MANS Azur 72 10\/09\/2026 14\/09\/2026 FOIRE DE ST BRIEUC SLC 22 12\/09\/2026 20\/09\/2026 BORD EXPO CAP PASSION 17\/09\/2026 20\/09\/2026 SALON &hellip; Continued\" \/>\n<meta property=\"og:url\" content=\"https:\/\/mobilvetta.it\/fr\/salons-dete-et-portes-ouvertes-des-concessionnaires-mobilvetta\/\" \/>\n<meta property=\"og:site_name\" content=\"Mobilvetta\" \/>\n<meta property=\"article:published_time\" content=\"2026-07-23T10:54:29+00:00\" \/>\n<meta property=\"article:modified_time\" content=\"2026-07-23T15:36:45+00:00\" \/>\n<meta property=\"og:image\" content=\"https:\/\/mobilvetta.it\/wp-content\/uploads\/2025\/07\/KEA-i90-AMB-4.jpg\" \/>\n\t<meta property=\"og:image:width\" content=\"1920\" \/>\n\t<meta property=\"og:image:height\" content=\"1280\" \/>\n\t<meta property=\"og:image:type\" content=\"image\/jpeg\" \/>\n<meta name=\"author\" content=\"gmachetti\" \/>\n<meta name=\"twitter:card\" content=\"summary_large_image\" \/>\n<meta name=\"twitter:label1\" content=\"\u00c9crit par\" \/>\n\t<meta name=\"twitter:data1\" content=\"gmachetti\" \/>\n\t<meta name=\"twitter:label2\" content=\"Dur\u00e9e de lecture estim\u00e9e\" \/>\n\t<meta name=\"twitter:data2\" content=\"2 minutes\" \/>\n<script type=\"application\/ld+json\" class=\"yoast-schema-graph\">{\"@context\":\"https:\\\/\\\/schema.org\",\"@graph\":[{\"@type\":\"Article\",\"@id\":\"https:\\\/\\\/mobilvetta.it\\\/fr\\\/salons-dete-et-portes-ouvertes-des-concessionnaires-mobilvetta\\\/#article\",\"isPartOf\":{\"@id\":\"https:\\\/\\\/mobilvetta.it\\\/fr\\\/salons-dete-et-portes-ouvertes-des-concessionnaires-mobilvetta\\\/\"},\"author\":{\"name\":\"gmachetti\",\"@id\":\"https:\\\/\\\/mobilvetta.it\\\/fr\\\/#\\\/schema\\\/person\\\/aa5f9ced2aa01a40244f192f5b7eced6\"},\"headline\":\"Salons d\u2019\u00e9t\u00e9 et Portes ouvertes des concessionnaires Mobilvetta 2026\",\"datePublished\":\"2026-07-23T10:54:29+00:00\",\"dateModified\":\"2026-07-23T15:36:45+00:00\",\"mainEntityOfPage\":{\"@id\":\"https:\\\/\\\/mobilvetta.it\\\/fr\\\/salons-dete-et-portes-ouvertes-des-concessionnaires-mobilvetta\\\/\"},\"wordCount\":144,\"image\":{\"@id\":\"https:\\\/\\\/mobilvetta.it\\\/fr\\\/salons-dete-et-portes-ouvertes-des-concessionnaires-mobilvetta\\\/#primaryimage\"},\"thumbnailUrl\":\"https:\\\/\\\/mobilvetta.it\\\/wp-content\\\/uploads\\\/2026\\\/06\\\/MBV-KARYS-AMB-219.jpg\",\"inLanguage\":\"fr-FR\"},{\"@type\":\"WebPage\",\"@id\":\"https:\\\/\\\/mobilvetta.it\\\/fr\\\/salons-dete-et-portes-ouvertes-des-concessionnaires-mobilvetta\\\/\",\"url\":\"https:\\\/\\\/mobilvetta.it\\\/fr\\\/salons-dete-et-portes-ouvertes-des-concessionnaires-mobilvetta\\\/\",\"name\":\"Salons d\u2019\u00e9t\u00e9 et Portes ouvertes des concessionnaires Mobilvetta 2026 - Mobilvetta\",\"isPartOf\":{\"@id\":\"https:\\\/\\\/mobilvetta.it\\\/fr\\\/#website\"},\"primaryImageOfPage\":{\"@id\":\"https:\\\/\\\/mobilvetta.it\\\/fr\\\/salons-dete-et-portes-ouvertes-des-concessionnaires-mobilvetta\\\/#primaryimage\"},\"image\":{\"@id\":\"https:\\\/\\\/mobilvetta.it\\\/fr\\\/salons-dete-et-portes-ouvertes-des-concessionnaires-mobilvetta\\\/#primaryimage\"},\"thumbnailUrl\":\"https:\\\/\\\/mobilvetta.it\\\/wp-content\\\/uploads\\\/2026\\\/06\\\/MBV-KARYS-AMB-219.jpg\",\"datePublished\":\"2026-07-23T10:54:29+00:00\",\"dateModified\":\"2026-07-23T15:36:45+00:00\",\"author\":{\"@id\":\"https:\\\/\\\/mobilvetta.it\\\/fr\\\/#\\\/schema\\\/person\\\/aa5f9ced2aa01a40244f192f5b7eced6\"},\"breadcrumb\":{\"@id\":\"https:\\\/\\\/mobilvetta.it\\\/fr\\\/salons-dete-et-portes-ouvertes-des-concessionnaires-mobilvetta\\\/#breadcrumb\"},\"inLanguage\":\"fr-FR\",\"potentialAction\":[{\"@type\":\"ReadAction\",\"target\":[\"https:\\\/\\\/mobilvetta.it\\\/fr\\\/salons-dete-et-portes-ouvertes-des-concessionnaires-mobilvetta\\\/\"]}]},{\"@type\":\"ImageObject\",\"inLanguage\":\"fr-FR\",\"@id\":\"https:\\\/\\\/mobilvetta.it\\\/fr\\\/salons-dete-et-portes-ouvertes-des-concessionnaires-mobilvetta\\\/#primaryimage\",\"url\":\"https:\\\/\\\/mobilvetta.it\\\/wp-content\\\/uploads\\\/2026\\\/06\\\/MBV-KARYS-AMB-219.jpg\",\"contentUrl\":\"https:\\\/\\\/mobilvetta.it\\\/wp-content\\\/uploads\\\/2026\\\/06\\\/MBV-KARYS-AMB-219.jpg\",\"width\":1920,\"height\":1280},{\"@type\":\"BreadcrumbList\",\"@id\":\"https:\\\/\\\/mobilvetta.it\\\/fr\\\/salons-dete-et-portes-ouvertes-des-concessionnaires-mobilvetta\\\/#breadcrumb\",\"itemListElement\":[{\"@type\":\"ListItem\",\"position\":1,\"name\":\"Home\",\"item\":\"https:\\\/\\\/mobilvetta.it\\\/fr\\\/\"},{\"@type\":\"ListItem\",\"position\":2,\"name\":\"Salons d\u2019\u00e9t\u00e9 et Portes ouvertes des concessionnaires Mobilvetta\"}]},{\"@type\":\"WebSite\",\"@id\":\"https:\\\/\\\/mobilvetta.it\\\/fr\\\/#website\",\"url\":\"https:\\\/\\\/mobilvetta.it\\\/fr\\\/\",\"name\":\"Mobilvetta\",\"description\":\"\",\"potentialAction\":[{\"@type\":\"SearchAction\",\"target\":{\"@type\":\"EntryPoint\",\"urlTemplate\":\"https:\\\/\\\/mobilvetta.it\\\/fr\\\/?s={search_term_string}\"},\"query-input\":{\"@type\":\"PropertyValueSpecification\",\"valueRequired\":true,\"valueName\":\"search_term_string\"}}],\"inLanguage\":\"fr-FR\"},{\"@type\":\"Person\",\"@id\":\"https:\\\/\\\/mobilvetta.it\\\/fr\\\/#\\\/schema\\\/person\\\/aa5f9ced2aa01a40244f192f5b7eced6\",\"name\":\"gmachetti\",\"image\":{\"@type\":\"ImageObject\",\"inLanguage\":\"fr-FR\",\"@id\":\"https:\\\/\\\/secure.gravatar.com\\\/avatar\\\/1c9513b6a748b7ddd330e39a6916148d4289591b5ad773e5b5b367ae48c24cbd?s=96&d=mm&r=g\",\"url\":\"https:\\\/\\\/secure.gravatar.com\\\/avatar\\\/1c9513b6a748b7ddd330e39a6916148d4289591b5ad773e5b5b367ae48c24cbd?s=96&d=mm&r=g\",\"contentUrl\":\"https:\\\/\\\/secure.gravatar.com\\\/avatar\\\/1c9513b6a748b7ddd330e39a6916148d4289591b5ad773e5b5b367ae48c24cbd?s=96&d=mm&r=g\",\"caption\":\"gmachetti\"},\"url\":\"https:\\\/\\\/mobilvetta.it\\\/fr\\\/author\\\/gmachetti\\\/\"}]}<\/script>\n<!-- \/ Yoast SEO plugin. -->","yoast_head_json":{"title":"Salons d\u2019\u00e9t\u00e9 et Portes ouvertes des concessionnaires Mobilvetta 2026 - Mobilvetta","robots":{"index":"index","follow":"follow","max-snippet":"max-snippet:-1","max-image-preview":"max-image-preview:large","max-video-preview":"max-video-preview:-1"},"canonical":"https:\/\/mobilvetta.it\/fr\/salons-dete-et-portes-ouvertes-des-concessionnaires-mobilvetta\/","og_locale":"fr_FR","og_type":"article","og_title":"Salons d\u2019\u00e9t\u00e9 et Portes ouvertes des concessionnaires Mobilvetta 2026 - Mobilvetta","og_description":"FOIRE OU SALON DISTRIBUTEUR DEBUT FIN JPO DE BEAULIEU SLC 03\/09\/2026 06\/09\/2026 SALON HALL 15 PLEIN AIR NORMANDIE 07\/09\/2026 13\/09\/2026 SALON JOUSSEMET OLERON CC 09\/09\/2026 13\/09\/2026 SALON TOULOUSE MURATET 10\/09\/2026 13\/09\/2026 LES 4 JOURS DU MANS Azur 72 10\/09\/2026 14\/09\/2026 FOIRE DE ST BRIEUC SLC 22 12\/09\/2026 20\/09\/2026 BORD EXPO CAP PASSION 17\/09\/2026 20\/09\/2026 SALON &hellip; Continued","og_url":"https:\/\/mobilvetta.it\/fr\/salons-dete-et-portes-ouvertes-des-concessionnaires-mobilvetta\/","og_site_name":"Mobilvetta","article_published_time":"2026-07-23T10:54:29+00:00","article_modified_time":"2026-07-23T15:36:45+00:00","og_image":[{"width":1920,"height":1280,"url":"https:\/\/mobilvetta.it\/wp-content\/uploads\/2025\/07\/KEA-i90-AMB-4.jpg","type":"image\/jpeg"}],"author":"gmachetti","twitter_card":"summary_large_image","twitter_misc":{"\u00c9crit par":"gmachetti","Dur\u00e9e de lecture estim\u00e9e":"2 minutes"},"schema":{"@context":"https:\/\/schema.org","@graph":[{"@type":"Article","@id":"https:\/\/mobilvetta.it\/fr\/salons-dete-et-portes-ouvertes-des-concessionnaires-mobilvetta\/#article","isPartOf":{"@id":"https:\/\/mobilvetta.it\/fr\/salons-dete-et-portes-ouvertes-des-concessionnaires-mobilvetta\/"},"author":{"name":"gmachetti","@id":"https:\/\/mobilvetta.it\/fr\/#\/schema\/person\/aa5f9ced2aa01a40244f192f5b7eced6"},"headline":"Salons d\u2019\u00e9t\u00e9 et Portes ouvertes des concessionnaires Mobilvetta 2026","datePublished":"2026-07-23T10:54:29+00:00","dateModified":"2026-07-23T15:36:45+00:00","mainEntityOfPage":{"@id":"https:\/\/mobilvetta.it\/fr\/salons-dete-et-portes-ouvertes-des-concessionnaires-mobilvetta\/"},"wordCount":144,"image":{"@id":"https:\/\/mobilvetta.it\/fr\/salons-dete-et-portes-ouvertes-des-concessionnaires-mobilvetta\/#primaryimage"},"thumbnailUrl":"https:\/\/mobilvetta.it\/wp-content\/uploads\/2026\/06\/MBV-KARYS-AMB-219.jpg","inLanguage":"fr-FR"},{"@type":"WebPage","@id":"https:\/\/mobilvetta.it\/fr\/salons-dete-et-portes-ouvertes-des-concessionnaires-mobilvetta\/","url":"https:\/\/mobilvetta.it\/fr\/salons-dete-et-portes-ouvertes-des-concessionnaires-mobilvetta\/","name":"Salons d\u2019\u00e9t\u00e9 et Portes ouvertes des concessionnaires Mobilvetta 2026 - Mobilvetta","isPartOf":{"@id":"https:\/\/mobilvetta.it\/fr\/#website"},"primaryImageOfPage":{"@id":"https:\/\/mobilvetta.it\/fr\/salons-dete-et-portes-ouvertes-des-concessionnaires-mobilvetta\/#primaryimage"},"image":{"@id":"https:\/\/mobilvetta.it\/fr\/salons-dete-et-portes-ouvertes-des-concessionnaires-mobilvetta\/#primaryimage"},"thumbnailUrl":"https:\/\/mobilvetta.it\/wp-content\/uploads\/2026\/06\/MBV-KARYS-AMB-219.jpg","datePublished":"2026-07-23T10:54:29+00:00","dateModified":"2026-07-23T15:36:45+00:00","author":{"@id":"https:\/\/mobilvetta.it\/fr\/#\/schema\/person\/aa5f9ced2aa01a40244f192f5b7eced6"},"breadcrumb":{"@id":"https:\/\/mobilvetta.it\/fr\/salons-dete-et-portes-ouvertes-des-concessionnaires-mobilvetta\/#breadcrumb"},"inLanguage":"fr-FR","potentialAction":[{"@type":"ReadAction","target":["https:\/\/mobilvetta.it\/fr\/salons-dete-et-portes-ouvertes-des-concessionnaires-mobilvetta\/"]}]},{"@type":"ImageObject","inLanguage":"fr-FR","@id":"https:\/\/mobilvetta.it\/fr\/salons-dete-et-portes-ouvertes-des-concessionnaires-mobilvetta\/#primaryimage","url":"https:\/\/mobilvetta.it\/wp-content\/uploads\/2026\/06\/MBV-KARYS-AMB-219.jpg","contentUrl":"https:\/\/mobilvetta.it\/wp-content\/uploads\/2026\/06\/MBV-KARYS-AMB-219.jpg","width":1920,"height":1280},{"@type":"BreadcrumbList","@id":"https:\/\/mobilvetta.it\/fr\/salons-dete-et-portes-ouvertes-des-concessionnaires-mobilvetta\/#breadcrumb","itemListElement":[{"@type":"ListItem","position":1,"name":"Home","item":"https:\/\/mobilvetta.it\/fr\/"},{"@type":"ListItem","position":2,"name":"Salons d\u2019\u00e9t\u00e9 et Portes ouvertes des concessionnaires Mobilvetta"}]},{"@type":"WebSite","@id":"https:\/\/mobilvetta.it\/fr\/#website","url":"https:\/\/mobilvetta.it\/fr\/","name":"Mobilvetta","description":"","potentialAction":[{"@type":"SearchAction","target":{"@type":"EntryPoint","urlTemplate":"https:\/\/mobilvetta.it\/fr\/?s={search_term_string}"},"query-input":{"@type":"PropertyValueSpecification","valueRequired":true,"valueName":"search_term_string"}}],"inLanguage":"fr-FR"},{"@type":"Person","@id":"https:\/\/mobilvetta.it\/fr\/#\/schema\/person\/aa5f9ced2aa01a40244f192f5b7eced6","name":"gmachetti","image":{"@type":"ImageObject","inLanguage":"fr-FR","@id":"https:\/\/secure.gravatar.com\/avatar\/1c9513b6a748b7ddd330e39a6916148d4289591b5ad773e5b5b367ae48c24cbd?s=96&d=mm&r=g","url":"https:\/\/secure.gravatar.com\/avatar\/1c9513b6a748b7ddd330e39a6916148d4289591b5ad773e5b5b367ae48c24cbd?s=96&d=mm&r=g","contentUrl":"https:\/\/secure.gravatar.com\/avatar\/1c9513b6a748b7ddd330e39a6916148d4289591b5ad773e5b5b367ae48c24cbd?s=96&d=mm&r=g","caption":"gmachetti"},"url":"https:\/\/mobilvetta.it\/fr\/author\/gmachetti\/"}]}},"_links":{"self":[{"href":"https:\/\/mobilvetta.it\/fr\/wp-json\/wp\/v2\/posts\/12224","targetHints":{"allow":["GET"]}}],"collection":[{"href":"https:\/\/mobilvetta.it\/fr\/wp-json\/wp\/v2\/posts"}],"about":[{"href":"https:\/\/mobilvetta.it\/fr\/wp-json\/wp\/v2\/types\/post"}],"author":[{"embeddable":true,"href":"https:\/\/mobilvetta.it\/fr\/wp-json\/wp\/v2\/users\/2"}],"replies":[{"embeddable":true,"href":"https:\/\/mobilvetta.it\/fr\/wp-json\/wp\/v2\/comments?post=12224"}],"version-history":[{"count":3,"href":"https:\/\/mobilvetta.it\/fr\/wp-json\/wp\/v2\/posts\/12224\/revisions"}],"predecessor-version":[{"id":13743,"href":"https:\/\/mobilvetta.it\/fr\/wp-json\/wp\/v2\/posts\/12224\/revisions\/13743"}],"wp:featuredmedia":[{"embeddable":true,"href":"https:\/\/mobilvetta.it\/fr\/wp-json\/wp\/v2\/media\/13686"}],"wp:attachment":[{"href":"https:\/\/mobilvetta.it\/fr\/wp-json\/wp\/v2\/media?parent=12224"}],"wp:term":[{"taxonomy":"post_tag","embeddable":true,"href":"https:\/\/mobilvetta.it\/fr\/wp-json\/wp\/v2\/tags?post=12224"}],"curies":[{"name":"wp","href":"https:\/\/api.w.org\/{rel}","templated":true}]}}