{"id":7988,"date":"2022-07-13T00:00:00","date_gmt":"2022-07-12T22:00:00","guid":{"rendered":"https:\/\/mobilvetta.it\/caravan-salon-duesseldorf-2022\/"},"modified":"2024-07-15T16:34:00","modified_gmt":"2024-07-15T14:34:00","slug":"caravan-salon-duesseldorf-2022","status":"publish","type":"post","link":"https:\/\/mobilvetta.it\/de\/caravan-salon-duesseldorf-2022\/","title":{"rendered":"Caravan Salon D\u00fcsseldorf 2022"},"content":{"rendered":"<p>Der\u00a0<strong>Caravan Salon in D\u00fcsseldorf<\/strong>\u00a0&#8211; Seien Sie dabei und erleben Sie die Faszination der mobilen Freizeit<\/p>\n<p>Der Caravan Salon ist der wichtigste Treffpunkt f\u00fcr alle Freunde, Liebhaber und Fans des Caravanings und stellt das Highlight des Jahres dar.<br \/>\nVom<strong>\u00a026. August, bis zum 04. September 2022<\/strong>\u00a0k\u00f6nnen Sie in die Welt des mobilen Reisens eintauchen.<\/p>\n<p>Selbstverst\u00e4ndlich wird auch die Premium-Marke MOBILVETTA vor Ort vertreten sein.<\/p>\n<p>Wir freuen uns, Ihnen auch in diesem Jahr wieder einige Produktneuheiten pr\u00e4sentieren zu k\u00f6nnen. Folgende Fahrzeuge stehen f\u00fcr Sie in Halle 10 zum Entdecken und Begeistern bereit:<\/p>\n<ul>\n<li><a href=\"https:\/\/www.mobilvetta.it\/DE-de\/Catalogo\/Modello\/964151\/Krosser-P90\" target=\"_blank\" rel=\"noopener\">Krosser 90<\/a><\/li>\n<li><a href=\"https:\/\/www.mobilvetta.it\/DE-de\/Catalogo\/Modello\/964110\/Krosser-P86\">Krosser 86<\/a><\/li>\n<\/ul>\n<p>&nbsp;<\/p>\n<ul>\n<li><a href=\"https:\/\/www.mobilvetta.it\/DE-de\/Catalogo\/Modello\/963805\/Kea-I85\">Kea I85<\/a><\/li>\n<li><a href=\"https:\/\/www.mobilvetta.it\/DE-de\/Catalogo\/Modello\/963856\/Kea-P85\">Kea P85<\/a><\/li>\n<li><a href=\"https:\/\/www.mobilvetta.it\/DE-de\/Catalogo\/Modello\/963862\/Kea-P90\" target=\"_blank\" rel=\"noopener\">Kea P90<\/a><\/li>\n<li><a href=\"https:\/\/www.mobilvetta.it\/DE-de\/Catalogo\/Modello\/963860\/Kea-P86\" target=\"_blank\" rel=\"noopener\">Kea P86<\/a><\/li>\n<li><a href=\"https:\/\/www.mobilvetta.it\/DE-de\/Catalogo\/Modello\/963858\/Kea-P64\">Kea P64<\/a><\/li>\n<\/ul>\n<p>&nbsp;<\/p>\n<ul>\n<li><a href=\"https:\/\/www.mobilvetta.it\/DE-de\/Catalogo\/Modello\/963584\/K-Yacht-Tekno-Line-64\">K-Yacht Tekno Line\u00a064 Alko<\/a><\/li>\n<li><a href=\"https:\/\/www.mobilvetta.it\/DE-de\/Catalogo\/Modello\/963627\/K-Yacht-Tekno-Line-86\" target=\"_blank\" rel=\"noopener\">K-Yacht Tekno Line 86\u00a0Alko<\/a><\/li>\n<\/ul>\n<p>&nbsp;<\/p>\n<ul>\n<li><a href=\"https:\/\/www.mobilvetta.it\/DE-de\/Catalogo\/Modello\/1159539\/Admiral-K-51\" target=\"_blank\" rel=\"noopener\">ADMIRAL K 5.1<\/a><\/li>\n<li><a href=\"https:\/\/www.mobilvetta.it\/DE-de\/Catalogo\/Modello\/1159629\/Admiral-K-63\" target=\"_blank\" rel=\"noopener\">ADMIRAL K 6.3<\/a><\/li>\n<li><a href=\"https:\/\/www.mobilvetta.it\/DE-de\/Catalogo\/Modello\/1159584\/Admiral-K-65\" target=\"_blank\" rel=\"noopener\">ADMIRAL K 6.5<\/a><\/li>\n<\/ul>\n<p>&nbsp;<\/p>\n<p>Wir w\u00fcnschen Ihnen einen interessanten und spannenden Aufenthalt auf dem\u00a0<strong>Caravan Salon D\u00fcsseldorf 2022<\/strong>\u00a0und erwarten Sie in<strong>\u00a0Halle 10 auf unserer MOBILVETTA-Ausstellungsfl\u00e4che.<\/strong><\/p>\n","protected":false},"excerpt":{"rendered":"<p>Der\u00a0Caravan Salon in D\u00fcsseldorf\u00a0&#8211; Seien Sie dabei und erleben Sie die Faszination der mobilen Freizeit Der Caravan Salon ist der wichtigste Treffpunkt f\u00fcr alle Freunde, Liebhaber und Fans des Caravanings und stellt das Highlight des Jahres dar. Vom\u00a026. August, bis zum 04. September 2022\u00a0k\u00f6nnen Sie in die Welt des mobilen Reisens eintauchen. Selbstverst\u00e4ndlich wird auch &hellip; <a href=\"https:\/\/mobilvetta.it\/de\/caravan-salon-duesseldorf-2022\/\">Continued<\/a><\/p>\n","protected":false},"author":1,"featured_media":7938,"comment_status":"open","ping_status":"open","sticky":false,"template":"","format":"standard","meta":{"_acf_changed":false,"inline_featured_image":false,"footnotes":""},"tags":[],"class_list":["post-7988","post","type-post","status-publish","format-standard","has-post-thumbnail","hentry"],"acf":[],"yoast_head":"<!-- This site is optimized with the Yoast SEO plugin v27.2 - https:\/\/yoast.com\/product\/yoast-seo-wordpress\/ -->\n<title>Caravan Salon D\u00fcsseldorf 2022 - Mobilvetta<\/title>\n<meta name=\"robots\" content=\"index, follow, max-snippet:-1, max-image-preview:large, max-video-preview:-1\" \/>\n<link rel=\"canonical\" href=\"https:\/\/mobilvetta.it\/de\/caravan-salon-duesseldorf-2022\/\" \/>\n<meta property=\"og:locale\" content=\"de_DE\" \/>\n<meta property=\"og:type\" content=\"article\" \/>\n<meta property=\"og:title\" content=\"Caravan Salon D\u00fcsseldorf 2022 - Mobilvetta\" \/>\n<meta property=\"og:description\" content=\"Der\u00a0Caravan Salon in D\u00fcsseldorf\u00a0&#8211; Seien Sie dabei und erleben Sie die Faszination der mobilen Freizeit Der Caravan Salon ist der wichtigste Treffpunkt f\u00fcr alle Freunde, Liebhaber und Fans des Caravanings und stellt das Highlight des Jahres dar. Vom\u00a026. August, bis zum 04. September 2022\u00a0k\u00f6nnen Sie in die Welt des mobilen Reisens eintauchen. Selbstverst\u00e4ndlich wird auch &hellip; Continued\" \/>\n<meta property=\"og:url\" content=\"https:\/\/mobilvetta.it\/de\/caravan-salon-duesseldorf-2022\/\" \/>\n<meta property=\"og:site_name\" content=\"Mobilvetta\" \/>\n<meta property=\"article:published_time\" content=\"2022-07-12T22:00:00+00:00\" \/>\n<meta property=\"article:modified_time\" content=\"2024-07-15T14:34:00+00:00\" \/>\n<meta property=\"og:image\" content=\"https:\/\/mobilvetta.it\/wp-content\/uploads\/2024\/07\/Mobilvetta-camper.png\" \/>\n\t<meta property=\"og:image:width\" content=\"1000\" \/>\n\t<meta property=\"og:image:height\" content=\"600\" \/>\n\t<meta property=\"og:image:type\" content=\"image\/png\" \/>\n<meta name=\"author\" content=\"admin@24\" \/>\n<meta name=\"twitter:card\" content=\"summary_large_image\" \/>\n<meta name=\"twitter:label1\" content=\"Verfasst von\" \/>\n\t<meta name=\"twitter:data1\" content=\"admin@24\" \/>\n\t<meta name=\"twitter:label2\" content=\"Gesch\u00e4tzte Lesezeit\" \/>\n\t<meta name=\"twitter:data2\" content=\"1\u00a0Minute\" \/>\n<script type=\"application\/ld+json\" class=\"yoast-schema-graph\">{\"@context\":\"https:\/\/schema.org\",\"@graph\":[{\"@type\":\"Article\",\"@id\":\"https:\/\/mobilvetta.it\/de\/caravan-salon-duesseldorf-2022\/#article\",\"isPartOf\":{\"@id\":\"https:\/\/mobilvetta.it\/de\/caravan-salon-duesseldorf-2022\/\"},\"author\":{\"name\":\"admin@24\",\"@id\":\"https:\/\/mobilvetta.it\/de\/#\/schema\/person\/342e92a78f285d531510c5a97ee8274c\"},\"headline\":\"Caravan Salon D\u00fcsseldorf 2022\",\"datePublished\":\"2022-07-12T22:00:00+00:00\",\"dateModified\":\"2024-07-15T14:34:00+00:00\",\"mainEntityOfPage\":{\"@id\":\"https:\/\/mobilvetta.it\/de\/caravan-salon-duesseldorf-2022\/\"},\"wordCount\":154,\"commentCount\":0,\"image\":{\"@id\":\"https:\/\/mobilvetta.it\/de\/caravan-salon-duesseldorf-2022\/#primaryimage\"},\"thumbnailUrl\":\"https:\/\/mobilvetta.it\/wp-content\/uploads\/2024\/07\/Mobilvetta-camper.png\",\"inLanguage\":\"de\",\"potentialAction\":[{\"@type\":\"CommentAction\",\"name\":\"Comment\",\"target\":[\"https:\/\/mobilvetta.it\/de\/caravan-salon-duesseldorf-2022\/#respond\"]}]},{\"@type\":\"WebPage\",\"@id\":\"https:\/\/mobilvetta.it\/de\/caravan-salon-duesseldorf-2022\/\",\"url\":\"https:\/\/mobilvetta.it\/de\/caravan-salon-duesseldorf-2022\/\",\"name\":\"Caravan Salon D\u00fcsseldorf 2022 - Mobilvetta\",\"isPartOf\":{\"@id\":\"https:\/\/mobilvetta.it\/de\/#website\"},\"primaryImageOfPage\":{\"@id\":\"https:\/\/mobilvetta.it\/de\/caravan-salon-duesseldorf-2022\/#primaryimage\"},\"image\":{\"@id\":\"https:\/\/mobilvetta.it\/de\/caravan-salon-duesseldorf-2022\/#primaryimage\"},\"thumbnailUrl\":\"https:\/\/mobilvetta.it\/wp-content\/uploads\/2024\/07\/Mobilvetta-camper.png\",\"datePublished\":\"2022-07-12T22:00:00+00:00\",\"dateModified\":\"2024-07-15T14:34:00+00:00\",\"author\":{\"@id\":\"https:\/\/mobilvetta.it\/de\/#\/schema\/person\/342e92a78f285d531510c5a97ee8274c\"},\"breadcrumb\":{\"@id\":\"https:\/\/mobilvetta.it\/de\/caravan-salon-duesseldorf-2022\/#breadcrumb\"},\"inLanguage\":\"de\",\"potentialAction\":[{\"@type\":\"ReadAction\",\"target\":[\"https:\/\/mobilvetta.it\/de\/caravan-salon-duesseldorf-2022\/\"]}]},{\"@type\":\"ImageObject\",\"inLanguage\":\"de\",\"@id\":\"https:\/\/mobilvetta.it\/de\/caravan-salon-duesseldorf-2022\/#primaryimage\",\"url\":\"https:\/\/mobilvetta.it\/wp-content\/uploads\/2024\/07\/Mobilvetta-camper.png\",\"contentUrl\":\"https:\/\/mobilvetta.it\/wp-content\/uploads\/2024\/07\/Mobilvetta-camper.png\",\"width\":1000,\"height\":600},{\"@type\":\"BreadcrumbList\",\"@id\":\"https:\/\/mobilvetta.it\/de\/caravan-salon-duesseldorf-2022\/#breadcrumb\",\"itemListElement\":[{\"@type\":\"ListItem\",\"position\":1,\"name\":\"Home\",\"item\":\"https:\/\/mobilvetta.it\/de\/\"},{\"@type\":\"ListItem\",\"position\":2,\"name\":\"Caravan Salon D\u00fcsseldorf 2022\"}]},{\"@type\":\"WebSite\",\"@id\":\"https:\/\/mobilvetta.it\/de\/#website\",\"url\":\"https:\/\/mobilvetta.it\/de\/\",\"name\":\"Mobilvetta\",\"description\":\"\",\"potentialAction\":[{\"@type\":\"SearchAction\",\"target\":{\"@type\":\"EntryPoint\",\"urlTemplate\":\"https:\/\/mobilvetta.it\/de\/?s={search_term_string}\"},\"query-input\":{\"@type\":\"PropertyValueSpecification\",\"valueRequired\":true,\"valueName\":\"search_term_string\"}}],\"inLanguage\":\"de\"},{\"@type\":\"Person\",\"@id\":\"https:\/\/mobilvetta.it\/de\/#\/schema\/person\/342e92a78f285d531510c5a97ee8274c\",\"name\":\"admin@24\",\"image\":{\"@type\":\"ImageObject\",\"inLanguage\":\"de\",\"@id\":\"https:\/\/secure.gravatar.com\/avatar\/1e13a134496ae45e94c3dd4aefc56faf03b6c1d0be57808396a2cb32a0e0e667?s=96&d=mm&r=g\",\"url\":\"https:\/\/secure.gravatar.com\/avatar\/1e13a134496ae45e94c3dd4aefc56faf03b6c1d0be57808396a2cb32a0e0e667?s=96&d=mm&r=g\",\"contentUrl\":\"https:\/\/secure.gravatar.com\/avatar\/1e13a134496ae45e94c3dd4aefc56faf03b6c1d0be57808396a2cb32a0e0e667?s=96&d=mm&r=g\",\"caption\":\"admin@24\"},\"sameAs\":[\"https:\/\/mobilvetta.it\"],\"url\":\"https:\/\/mobilvetta.it\/de\/author\/admin24\/\"}]}<\/script>\n<!-- \/ Yoast SEO plugin. -->","yoast_head_json":{"title":"Caravan Salon D\u00fcsseldorf 2022 - Mobilvetta","robots":{"index":"index","follow":"follow","max-snippet":"max-snippet:-1","max-image-preview":"max-image-preview:large","max-video-preview":"max-video-preview:-1"},"canonical":"https:\/\/mobilvetta.it\/de\/caravan-salon-duesseldorf-2022\/","og_locale":"de_DE","og_type":"article","og_title":"Caravan Salon D\u00fcsseldorf 2022 - Mobilvetta","og_description":"Der\u00a0Caravan Salon in D\u00fcsseldorf\u00a0&#8211; Seien Sie dabei und erleben Sie die Faszination der mobilen Freizeit Der Caravan Salon ist der wichtigste Treffpunkt f\u00fcr alle Freunde, Liebhaber und Fans des Caravanings und stellt das Highlight des Jahres dar. Vom\u00a026. August, bis zum 04. September 2022\u00a0k\u00f6nnen Sie in die Welt des mobilen Reisens eintauchen. Selbstverst\u00e4ndlich wird auch &hellip; Continued","og_url":"https:\/\/mobilvetta.it\/de\/caravan-salon-duesseldorf-2022\/","og_site_name":"Mobilvetta","article_published_time":"2022-07-12T22:00:00+00:00","article_modified_time":"2024-07-15T14:34:00+00:00","og_image":[{"width":1000,"height":600,"url":"https:\/\/mobilvetta.it\/wp-content\/uploads\/2024\/07\/Mobilvetta-camper.png","type":"image\/png"}],"author":"admin@24","twitter_card":"summary_large_image","twitter_misc":{"Verfasst von":"admin@24","Gesch\u00e4tzte Lesezeit":"1\u00a0Minute"},"schema":{"@context":"https:\/\/schema.org","@graph":[{"@type":"Article","@id":"https:\/\/mobilvetta.it\/de\/caravan-salon-duesseldorf-2022\/#article","isPartOf":{"@id":"https:\/\/mobilvetta.it\/de\/caravan-salon-duesseldorf-2022\/"},"author":{"name":"admin@24","@id":"https:\/\/mobilvetta.it\/de\/#\/schema\/person\/342e92a78f285d531510c5a97ee8274c"},"headline":"Caravan Salon D\u00fcsseldorf 2022","datePublished":"2022-07-12T22:00:00+00:00","dateModified":"2024-07-15T14:34:00+00:00","mainEntityOfPage":{"@id":"https:\/\/mobilvetta.it\/de\/caravan-salon-duesseldorf-2022\/"},"wordCount":154,"commentCount":0,"image":{"@id":"https:\/\/mobilvetta.it\/de\/caravan-salon-duesseldorf-2022\/#primaryimage"},"thumbnailUrl":"https:\/\/mobilvetta.it\/wp-content\/uploads\/2024\/07\/Mobilvetta-camper.png","inLanguage":"de","potentialAction":[{"@type":"CommentAction","name":"Comment","target":["https:\/\/mobilvetta.it\/de\/caravan-salon-duesseldorf-2022\/#respond"]}]},{"@type":"WebPage","@id":"https:\/\/mobilvetta.it\/de\/caravan-salon-duesseldorf-2022\/","url":"https:\/\/mobilvetta.it\/de\/caravan-salon-duesseldorf-2022\/","name":"Caravan Salon D\u00fcsseldorf 2022 - Mobilvetta","isPartOf":{"@id":"https:\/\/mobilvetta.it\/de\/#website"},"primaryImageOfPage":{"@id":"https:\/\/mobilvetta.it\/de\/caravan-salon-duesseldorf-2022\/#primaryimage"},"image":{"@id":"https:\/\/mobilvetta.it\/de\/caravan-salon-duesseldorf-2022\/#primaryimage"},"thumbnailUrl":"https:\/\/mobilvetta.it\/wp-content\/uploads\/2024\/07\/Mobilvetta-camper.png","datePublished":"2022-07-12T22:00:00+00:00","dateModified":"2024-07-15T14:34:00+00:00","author":{"@id":"https:\/\/mobilvetta.it\/de\/#\/schema\/person\/342e92a78f285d531510c5a97ee8274c"},"breadcrumb":{"@id":"https:\/\/mobilvetta.it\/de\/caravan-salon-duesseldorf-2022\/#breadcrumb"},"inLanguage":"de","potentialAction":[{"@type":"ReadAction","target":["https:\/\/mobilvetta.it\/de\/caravan-salon-duesseldorf-2022\/"]}]},{"@type":"ImageObject","inLanguage":"de","@id":"https:\/\/mobilvetta.it\/de\/caravan-salon-duesseldorf-2022\/#primaryimage","url":"https:\/\/mobilvetta.it\/wp-content\/uploads\/2024\/07\/Mobilvetta-camper.png","contentUrl":"https:\/\/mobilvetta.it\/wp-content\/uploads\/2024\/07\/Mobilvetta-camper.png","width":1000,"height":600},{"@type":"BreadcrumbList","@id":"https:\/\/mobilvetta.it\/de\/caravan-salon-duesseldorf-2022\/#breadcrumb","itemListElement":[{"@type":"ListItem","position":1,"name":"Home","item":"https:\/\/mobilvetta.it\/de\/"},{"@type":"ListItem","position":2,"name":"Caravan Salon D\u00fcsseldorf 2022"}]},{"@type":"WebSite","@id":"https:\/\/mobilvetta.it\/de\/#website","url":"https:\/\/mobilvetta.it\/de\/","name":"Mobilvetta","description":"","potentialAction":[{"@type":"SearchAction","target":{"@type":"EntryPoint","urlTemplate":"https:\/\/mobilvetta.it\/de\/?s={search_term_string}"},"query-input":{"@type":"PropertyValueSpecification","valueRequired":true,"valueName":"search_term_string"}}],"inLanguage":"de"},{"@type":"Person","@id":"https:\/\/mobilvetta.it\/de\/#\/schema\/person\/342e92a78f285d531510c5a97ee8274c","name":"admin@24","image":{"@type":"ImageObject","inLanguage":"de","@id":"https:\/\/secure.gravatar.com\/avatar\/1e13a134496ae45e94c3dd4aefc56faf03b6c1d0be57808396a2cb32a0e0e667?s=96&d=mm&r=g","url":"https:\/\/secure.gravatar.com\/avatar\/1e13a134496ae45e94c3dd4aefc56faf03b6c1d0be57808396a2cb32a0e0e667?s=96&d=mm&r=g","contentUrl":"https:\/\/secure.gravatar.com\/avatar\/1e13a134496ae45e94c3dd4aefc56faf03b6c1d0be57808396a2cb32a0e0e667?s=96&d=mm&r=g","caption":"admin@24"},"sameAs":["https:\/\/mobilvetta.it"],"url":"https:\/\/mobilvetta.it\/de\/author\/admin24\/"}]}},"_links":{"self":[{"href":"https:\/\/mobilvetta.it\/de\/wp-json\/wp\/v2\/posts\/7988","targetHints":{"allow":["GET"]}}],"collection":[{"href":"https:\/\/mobilvetta.it\/de\/wp-json\/wp\/v2\/posts"}],"about":[{"href":"https:\/\/mobilvetta.it\/de\/wp-json\/wp\/v2\/types\/post"}],"author":[{"embeddable":true,"href":"https:\/\/mobilvetta.it\/de\/wp-json\/wp\/v2\/users\/1"}],"replies":[{"embeddable":true,"href":"https:\/\/mobilvetta.it\/de\/wp-json\/wp\/v2\/comments?post=7988"}],"version-history":[{"count":1,"href":"https:\/\/mobilvetta.it\/de\/wp-json\/wp\/v2\/posts\/7988\/revisions"}],"predecessor-version":[{"id":8521,"href":"https:\/\/mobilvetta.it\/de\/wp-json\/wp\/v2\/posts\/7988\/revisions\/8521"}],"wp:featuredmedia":[{"embeddable":true,"href":"https:\/\/mobilvetta.it\/de\/wp-json\/wp\/v2\/media\/7938"}],"wp:attachment":[{"href":"https:\/\/mobilvetta.it\/de\/wp-json\/wp\/v2\/media?parent=7988"}],"wp:term":[{"taxonomy":"post_tag","embeddable":true,"href":"https:\/\/mobilvetta.it\/de\/wp-json\/wp\/v2\/tags?post=7988"}],"curies":[{"name":"wp","href":"https:\/\/api.w.org\/{rel}","templated":true}]}}