{"id":7966,"date":"2020-02-06T00:00:00","date_gmt":"2020-02-05T23:00:00","guid":{"rendered":"https:\/\/mobilvetta.it\/messe-und-haendlertermine-im-ueberblick_fruehling-2020\/"},"modified":"2024-07-16T14:49:43","modified_gmt":"2024-07-16T12:49:43","slug":"messe-und-haendlertermine-im-ueberblick_fruehling-2020","status":"publish","type":"post","link":"https:\/\/mobilvetta.it\/de\/messe-und-haendlertermine-im-ueberblick_fruehling-2020\/","title":{"rendered":"Messe- und H\u00e4ndlertermine im \u00dcberblick_Fr\u00fchling 2020"},"content":{"rendered":"<p>Neufahrzeuge Mobilvetta der Saison 2020 zu Top-Konditionen.<\/p>\n<p>Herzlich Willkommen auf unseren Fr\u00fchlingshausmessen. Hier werden Ihnen die Mobilvetta Modelle der aktuellen Saison 2020 pr\u00e4sentiert.<\/p>\n<p><strong>AMB Reisemobile<\/strong><br \/>\nHerbert-K\u00fchn-Stra\u00dfe 10, 55481 Kirchberg (Hunsr\u00fcck)<br \/>\n<strong>HAUSMESSE<\/strong><br \/>\n21.03.2020 &#8211; 22.03.2020<\/p>\n<p><strong>Dulle Mobile<\/strong><br \/>\nAn der Autobahn 12, 49733 Haren (Ems),<br \/>\n<strong>HAUSMESSE<br \/>\n<\/strong>28.03.2020 &#8211; 29.03.2020<\/p>\n<p><strong>Car-Power\u00a0Wagner<br \/>\n<\/strong>Ludwig-Hupfeld-Str. 13 04179 Leipzig<strong><br \/>\n<\/strong><strong>FR\u00dcHJAHRSMESSE in Wermsfeld<\/strong><br \/>\n04.04.2020 &#8211; 05.04.2020<\/p>\n<p>Mobilvetta wird an den folgenden\u00a0<strong>Messen<\/strong>\u00a0f\u00fcr Camping und Caravaning teilnehmen.<\/p>\n<p><strong>Caravan &amp; Reisemobil Center Reinfeld<br \/>\n<\/strong><strong>CARAVANING, Hamburg<\/strong><br \/>\n05.02.2020 &#8211; 09.02.2020<\/p>\n<p><strong>La Marca Automobile<br \/>\n<\/strong><strong>FREE,\u00a0M\u00fcnchen<\/strong><br \/>\n19.02.2020 &#8211; 23.02.2020<\/p>\n<p><strong>Steigerwaldmobile<\/strong><br \/>\n<strong>FREIZEIT, N\u00fcrnberg<\/strong><br \/>\n26.02.2020 &#8211; 01.03.2020<\/p>\n<p><strong>AMB Reisemobile<\/strong><br \/>\nHerbert-K\u00fchn-Stra\u00dfe 10, 55481 Kirchberg (Hunsr\u00fcck)<br \/>\n<strong>FR\u00dcHLINGSMARKT\u00a0in Simmern<\/strong><br \/>\n28.03.2020 &#8211; 29.03.2020<\/p>\n<p><strong>Car-Power\u00a0Wagner<br \/>\n<\/strong>Ludwig-Hupfeld-Str. 13 04179 Leipzig<strong><br \/>\n<\/strong><strong>REISEMOBILMESSE in Eberswalde<\/strong><br \/>\n28.03.2020 &#8211; 29.03.2020<\/p>\n<p><strong>Car-Power\u00a0Wagner<br \/>\n<\/strong>Ludwig-Hupfeld-Str. 13 04179 Leipzig<strong><br \/>\n<\/strong><strong>FR\u00dcHJAHRSMESSE in Wermsfeld<\/strong><br \/>\n04.04.2020 &#8211; 05.04.202<\/p>\n<p><strong>AMB Reisemobile<\/strong><br \/>\n<strong>CAMPING MESSE, Bexbach<\/strong><br \/>\n25.04.2020 &#8211; 03.05.2020<\/p>\n","protected":false},"excerpt":{"rendered":"<p>Neufahrzeuge Mobilvetta der Saison 2020 zu Top-Konditionen. Herzlich Willkommen auf unseren Fr\u00fchlingshausmessen. Hier werden Ihnen die Mobilvetta Modelle der aktuellen Saison 2020 pr\u00e4sentiert. AMB Reisemobile Herbert-K\u00fchn-Stra\u00dfe 10, 55481 Kirchberg (Hunsr\u00fcck) HAUSMESSE 21.03.2020 &#8211; 22.03.2020 Dulle Mobile An der Autobahn 12, 49733 Haren (Ems), HAUSMESSE 28.03.2020 &#8211; 29.03.2020 Car-Power\u00a0Wagner Ludwig-Hupfeld-Str. 13 04179 Leipzig FR\u00dcHJAHRSMESSE in Wermsfeld &hellip; <a href=\"https:\/\/mobilvetta.it\/de\/messe-und-haendlertermine-im-ueberblick_fruehling-2020\/\">Continued<\/a><\/p>\n","protected":false},"author":1,"featured_media":7808,"comment_status":"open","ping_status":"open","sticky":false,"template":"","format":"standard","meta":{"_acf_changed":false,"inline_featured_image":false,"footnotes":""},"tags":[],"class_list":["post-7966","post","type-post","status-publish","format-standard","has-post-thumbnail","hentry"],"acf":[],"yoast_head":"<!-- This site is optimized with the Yoast SEO plugin v27.2 - https:\/\/yoast.com\/product\/yoast-seo-wordpress\/ -->\n<title>Messe- und H\u00e4ndlertermine im \u00dcberblick_Fr\u00fchling 2020 - Mobilvetta<\/title>\n<meta name=\"robots\" content=\"index, follow, max-snippet:-1, max-image-preview:large, max-video-preview:-1\" \/>\n<link rel=\"canonical\" href=\"https:\/\/mobilvetta.it\/de\/messe-und-haendlertermine-im-ueberblick_fruehling-2020\/\" \/>\n<meta property=\"og:locale\" content=\"de_DE\" \/>\n<meta property=\"og:type\" content=\"article\" \/>\n<meta property=\"og:title\" content=\"Messe- und H\u00e4ndlertermine im \u00dcberblick_Fr\u00fchling 2020 - Mobilvetta\" \/>\n<meta property=\"og:description\" content=\"Neufahrzeuge Mobilvetta der Saison 2020 zu Top-Konditionen. Herzlich Willkommen auf unseren Fr\u00fchlingshausmessen. Hier werden Ihnen die Mobilvetta Modelle der aktuellen Saison 2020 pr\u00e4sentiert. AMB Reisemobile Herbert-K\u00fchn-Stra\u00dfe 10, 55481 Kirchberg (Hunsr\u00fcck) HAUSMESSE 21.03.2020 &#8211; 22.03.2020 Dulle Mobile An der Autobahn 12, 49733 Haren (Ems), HAUSMESSE 28.03.2020 &#8211; 29.03.2020 Car-Power\u00a0Wagner Ludwig-Hupfeld-Str. 13 04179 Leipzig FR\u00dcHJAHRSMESSE in Wermsfeld &hellip; Continued\" \/>\n<meta property=\"og:url\" content=\"https:\/\/mobilvetta.it\/de\/messe-und-haendlertermine-im-ueberblick_fruehling-2020\/\" \/>\n<meta property=\"og:site_name\" content=\"Mobilvetta\" \/>\n<meta property=\"article:published_time\" content=\"2020-02-05T23:00:00+00:00\" \/>\n<meta property=\"article:modified_time\" content=\"2024-07-16T12:49:43+00:00\" \/>\n<meta property=\"og:image\" content=\"https:\/\/mobilvetta.it\/wp-content\/uploads\/2024\/07\/mobilvetta-motorhome.jpg\" \/>\n\t<meta property=\"og:image:width\" content=\"1261\" \/>\n\t<meta property=\"og:image:height\" content=\"825\" \/>\n\t<meta property=\"og:image:type\" content=\"image\/jpeg\" \/>\n<meta name=\"author\" content=\"admin@24\" \/>\n<meta name=\"twitter:card\" content=\"summary_large_image\" \/>\n<meta name=\"twitter:label1\" content=\"Verfasst von\" \/>\n\t<meta name=\"twitter:data1\" content=\"admin@24\" \/>\n\t<meta name=\"twitter:label2\" content=\"Gesch\u00e4tzte Lesezeit\" \/>\n\t<meta name=\"twitter:data2\" content=\"1\u00a0Minute\" \/>\n<script type=\"application\/ld+json\" class=\"yoast-schema-graph\">{\"@context\":\"https:\/\/schema.org\",\"@graph\":[{\"@type\":\"Article\",\"@id\":\"https:\/\/mobilvetta.it\/de\/messe-und-haendlertermine-im-ueberblick_fruehling-2020\/#article\",\"isPartOf\":{\"@id\":\"https:\/\/mobilvetta.it\/de\/messe-und-haendlertermine-im-ueberblick_fruehling-2020\/\"},\"author\":{\"name\":\"admin@24\",\"@id\":\"https:\/\/mobilvetta.it\/de\/#\/schema\/person\/342e92a78f285d531510c5a97ee8274c\"},\"headline\":\"Messe- und H\u00e4ndlertermine im \u00dcberblick_Fr\u00fchling 2020\",\"datePublished\":\"2020-02-05T23:00:00+00:00\",\"dateModified\":\"2024-07-16T12:49:43+00:00\",\"mainEntityOfPage\":{\"@id\":\"https:\/\/mobilvetta.it\/de\/messe-und-haendlertermine-im-ueberblick_fruehling-2020\/\"},\"wordCount\":127,\"commentCount\":0,\"image\":{\"@id\":\"https:\/\/mobilvetta.it\/de\/messe-und-haendlertermine-im-ueberblick_fruehling-2020\/#primaryimage\"},\"thumbnailUrl\":\"https:\/\/mobilvetta.it\/wp-content\/uploads\/2024\/07\/mobilvetta-motorhome.jpg\",\"inLanguage\":\"de\",\"potentialAction\":[{\"@type\":\"CommentAction\",\"name\":\"Comment\",\"target\":[\"https:\/\/mobilvetta.it\/de\/messe-und-haendlertermine-im-ueberblick_fruehling-2020\/#respond\"]}]},{\"@type\":\"WebPage\",\"@id\":\"https:\/\/mobilvetta.it\/de\/messe-und-haendlertermine-im-ueberblick_fruehling-2020\/\",\"url\":\"https:\/\/mobilvetta.it\/de\/messe-und-haendlertermine-im-ueberblick_fruehling-2020\/\",\"name\":\"Messe- und H\u00e4ndlertermine im \u00dcberblick_Fr\u00fchling 2020 - Mobilvetta\",\"isPartOf\":{\"@id\":\"https:\/\/mobilvetta.it\/de\/#website\"},\"primaryImageOfPage\":{\"@id\":\"https:\/\/mobilvetta.it\/de\/messe-und-haendlertermine-im-ueberblick_fruehling-2020\/#primaryimage\"},\"image\":{\"@id\":\"https:\/\/mobilvetta.it\/de\/messe-und-haendlertermine-im-ueberblick_fruehling-2020\/#primaryimage\"},\"thumbnailUrl\":\"https:\/\/mobilvetta.it\/wp-content\/uploads\/2024\/07\/mobilvetta-motorhome.jpg\",\"datePublished\":\"2020-02-05T23:00:00+00:00\",\"dateModified\":\"2024-07-16T12:49:43+00:00\",\"author\":{\"@id\":\"https:\/\/mobilvetta.it\/de\/#\/schema\/person\/342e92a78f285d531510c5a97ee8274c\"},\"breadcrumb\":{\"@id\":\"https:\/\/mobilvetta.it\/de\/messe-und-haendlertermine-im-ueberblick_fruehling-2020\/#breadcrumb\"},\"inLanguage\":\"de\",\"potentialAction\":[{\"@type\":\"ReadAction\",\"target\":[\"https:\/\/mobilvetta.it\/de\/messe-und-haendlertermine-im-ueberblick_fruehling-2020\/\"]}]},{\"@type\":\"ImageObject\",\"inLanguage\":\"de\",\"@id\":\"https:\/\/mobilvetta.it\/de\/messe-und-haendlertermine-im-ueberblick_fruehling-2020\/#primaryimage\",\"url\":\"https:\/\/mobilvetta.it\/wp-content\/uploads\/2024\/07\/mobilvetta-motorhome.jpg\",\"contentUrl\":\"https:\/\/mobilvetta.it\/wp-content\/uploads\/2024\/07\/mobilvetta-motorhome.jpg\",\"width\":1261,\"height\":825},{\"@type\":\"BreadcrumbList\",\"@id\":\"https:\/\/mobilvetta.it\/de\/messe-und-haendlertermine-im-ueberblick_fruehling-2020\/#breadcrumb\",\"itemListElement\":[{\"@type\":\"ListItem\",\"position\":1,\"name\":\"Home\",\"item\":\"https:\/\/mobilvetta.it\/de\/\"},{\"@type\":\"ListItem\",\"position\":2,\"name\":\"Messe- und H\u00e4ndlertermine im \u00dcberblick_Fr\u00fchling 2020\"}]},{\"@type\":\"WebSite\",\"@id\":\"https:\/\/mobilvetta.it\/de\/#website\",\"url\":\"https:\/\/mobilvetta.it\/de\/\",\"name\":\"Mobilvetta\",\"description\":\"\",\"potentialAction\":[{\"@type\":\"SearchAction\",\"target\":{\"@type\":\"EntryPoint\",\"urlTemplate\":\"https:\/\/mobilvetta.it\/de\/?s={search_term_string}\"},\"query-input\":{\"@type\":\"PropertyValueSpecification\",\"valueRequired\":true,\"valueName\":\"search_term_string\"}}],\"inLanguage\":\"de\"},{\"@type\":\"Person\",\"@id\":\"https:\/\/mobilvetta.it\/de\/#\/schema\/person\/342e92a78f285d531510c5a97ee8274c\",\"name\":\"admin@24\",\"image\":{\"@type\":\"ImageObject\",\"inLanguage\":\"de\",\"@id\":\"https:\/\/secure.gravatar.com\/avatar\/1e13a134496ae45e94c3dd4aefc56faf03b6c1d0be57808396a2cb32a0e0e667?s=96&d=mm&r=g\",\"url\":\"https:\/\/secure.gravatar.com\/avatar\/1e13a134496ae45e94c3dd4aefc56faf03b6c1d0be57808396a2cb32a0e0e667?s=96&d=mm&r=g\",\"contentUrl\":\"https:\/\/secure.gravatar.com\/avatar\/1e13a134496ae45e94c3dd4aefc56faf03b6c1d0be57808396a2cb32a0e0e667?s=96&d=mm&r=g\",\"caption\":\"admin@24\"},\"sameAs\":[\"https:\/\/mobilvetta.it\"],\"url\":\"https:\/\/mobilvetta.it\/de\/author\/admin24\/\"}]}<\/script>\n<!-- \/ Yoast SEO plugin. -->","yoast_head_json":{"title":"Messe- und H\u00e4ndlertermine im \u00dcberblick_Fr\u00fchling 2020 - Mobilvetta","robots":{"index":"index","follow":"follow","max-snippet":"max-snippet:-1","max-image-preview":"max-image-preview:large","max-video-preview":"max-video-preview:-1"},"canonical":"https:\/\/mobilvetta.it\/de\/messe-und-haendlertermine-im-ueberblick_fruehling-2020\/","og_locale":"de_DE","og_type":"article","og_title":"Messe- und H\u00e4ndlertermine im \u00dcberblick_Fr\u00fchling 2020 - Mobilvetta","og_description":"Neufahrzeuge Mobilvetta der Saison 2020 zu Top-Konditionen. Herzlich Willkommen auf unseren Fr\u00fchlingshausmessen. Hier werden Ihnen die Mobilvetta Modelle der aktuellen Saison 2020 pr\u00e4sentiert. AMB Reisemobile Herbert-K\u00fchn-Stra\u00dfe 10, 55481 Kirchberg (Hunsr\u00fcck) HAUSMESSE 21.03.2020 &#8211; 22.03.2020 Dulle Mobile An der Autobahn 12, 49733 Haren (Ems), HAUSMESSE 28.03.2020 &#8211; 29.03.2020 Car-Power\u00a0Wagner Ludwig-Hupfeld-Str. 13 04179 Leipzig FR\u00dcHJAHRSMESSE in Wermsfeld &hellip; Continued","og_url":"https:\/\/mobilvetta.it\/de\/messe-und-haendlertermine-im-ueberblick_fruehling-2020\/","og_site_name":"Mobilvetta","article_published_time":"2020-02-05T23:00:00+00:00","article_modified_time":"2024-07-16T12:49:43+00:00","og_image":[{"width":1261,"height":825,"url":"https:\/\/mobilvetta.it\/wp-content\/uploads\/2024\/07\/mobilvetta-motorhome.jpg","type":"image\/jpeg"}],"author":"admin@24","twitter_card":"summary_large_image","twitter_misc":{"Verfasst von":"admin@24","Gesch\u00e4tzte Lesezeit":"1\u00a0Minute"},"schema":{"@context":"https:\/\/schema.org","@graph":[{"@type":"Article","@id":"https:\/\/mobilvetta.it\/de\/messe-und-haendlertermine-im-ueberblick_fruehling-2020\/#article","isPartOf":{"@id":"https:\/\/mobilvetta.it\/de\/messe-und-haendlertermine-im-ueberblick_fruehling-2020\/"},"author":{"name":"admin@24","@id":"https:\/\/mobilvetta.it\/de\/#\/schema\/person\/342e92a78f285d531510c5a97ee8274c"},"headline":"Messe- und H\u00e4ndlertermine im \u00dcberblick_Fr\u00fchling 2020","datePublished":"2020-02-05T23:00:00+00:00","dateModified":"2024-07-16T12:49:43+00:00","mainEntityOfPage":{"@id":"https:\/\/mobilvetta.it\/de\/messe-und-haendlertermine-im-ueberblick_fruehling-2020\/"},"wordCount":127,"commentCount":0,"image":{"@id":"https:\/\/mobilvetta.it\/de\/messe-und-haendlertermine-im-ueberblick_fruehling-2020\/#primaryimage"},"thumbnailUrl":"https:\/\/mobilvetta.it\/wp-content\/uploads\/2024\/07\/mobilvetta-motorhome.jpg","inLanguage":"de","potentialAction":[{"@type":"CommentAction","name":"Comment","target":["https:\/\/mobilvetta.it\/de\/messe-und-haendlertermine-im-ueberblick_fruehling-2020\/#respond"]}]},{"@type":"WebPage","@id":"https:\/\/mobilvetta.it\/de\/messe-und-haendlertermine-im-ueberblick_fruehling-2020\/","url":"https:\/\/mobilvetta.it\/de\/messe-und-haendlertermine-im-ueberblick_fruehling-2020\/","name":"Messe- und H\u00e4ndlertermine im \u00dcberblick_Fr\u00fchling 2020 - Mobilvetta","isPartOf":{"@id":"https:\/\/mobilvetta.it\/de\/#website"},"primaryImageOfPage":{"@id":"https:\/\/mobilvetta.it\/de\/messe-und-haendlertermine-im-ueberblick_fruehling-2020\/#primaryimage"},"image":{"@id":"https:\/\/mobilvetta.it\/de\/messe-und-haendlertermine-im-ueberblick_fruehling-2020\/#primaryimage"},"thumbnailUrl":"https:\/\/mobilvetta.it\/wp-content\/uploads\/2024\/07\/mobilvetta-motorhome.jpg","datePublished":"2020-02-05T23:00:00+00:00","dateModified":"2024-07-16T12:49:43+00:00","author":{"@id":"https:\/\/mobilvetta.it\/de\/#\/schema\/person\/342e92a78f285d531510c5a97ee8274c"},"breadcrumb":{"@id":"https:\/\/mobilvetta.it\/de\/messe-und-haendlertermine-im-ueberblick_fruehling-2020\/#breadcrumb"},"inLanguage":"de","potentialAction":[{"@type":"ReadAction","target":["https:\/\/mobilvetta.it\/de\/messe-und-haendlertermine-im-ueberblick_fruehling-2020\/"]}]},{"@type":"ImageObject","inLanguage":"de","@id":"https:\/\/mobilvetta.it\/de\/messe-und-haendlertermine-im-ueberblick_fruehling-2020\/#primaryimage","url":"https:\/\/mobilvetta.it\/wp-content\/uploads\/2024\/07\/mobilvetta-motorhome.jpg","contentUrl":"https:\/\/mobilvetta.it\/wp-content\/uploads\/2024\/07\/mobilvetta-motorhome.jpg","width":1261,"height":825},{"@type":"BreadcrumbList","@id":"https:\/\/mobilvetta.it\/de\/messe-und-haendlertermine-im-ueberblick_fruehling-2020\/#breadcrumb","itemListElement":[{"@type":"ListItem","position":1,"name":"Home","item":"https:\/\/mobilvetta.it\/de\/"},{"@type":"ListItem","position":2,"name":"Messe- und H\u00e4ndlertermine im \u00dcberblick_Fr\u00fchling 2020"}]},{"@type":"WebSite","@id":"https:\/\/mobilvetta.it\/de\/#website","url":"https:\/\/mobilvetta.it\/de\/","name":"Mobilvetta","description":"","potentialAction":[{"@type":"SearchAction","target":{"@type":"EntryPoint","urlTemplate":"https:\/\/mobilvetta.it\/de\/?s={search_term_string}"},"query-input":{"@type":"PropertyValueSpecification","valueRequired":true,"valueName":"search_term_string"}}],"inLanguage":"de"},{"@type":"Person","@id":"https:\/\/mobilvetta.it\/de\/#\/schema\/person\/342e92a78f285d531510c5a97ee8274c","name":"admin@24","image":{"@type":"ImageObject","inLanguage":"de","@id":"https:\/\/secure.gravatar.com\/avatar\/1e13a134496ae45e94c3dd4aefc56faf03b6c1d0be57808396a2cb32a0e0e667?s=96&d=mm&r=g","url":"https:\/\/secure.gravatar.com\/avatar\/1e13a134496ae45e94c3dd4aefc56faf03b6c1d0be57808396a2cb32a0e0e667?s=96&d=mm&r=g","contentUrl":"https:\/\/secure.gravatar.com\/avatar\/1e13a134496ae45e94c3dd4aefc56faf03b6c1d0be57808396a2cb32a0e0e667?s=96&d=mm&r=g","caption":"admin@24"},"sameAs":["https:\/\/mobilvetta.it"],"url":"https:\/\/mobilvetta.it\/de\/author\/admin24\/"}]}},"_links":{"self":[{"href":"https:\/\/mobilvetta.it\/de\/wp-json\/wp\/v2\/posts\/7966","targetHints":{"allow":["GET"]}}],"collection":[{"href":"https:\/\/mobilvetta.it\/de\/wp-json\/wp\/v2\/posts"}],"about":[{"href":"https:\/\/mobilvetta.it\/de\/wp-json\/wp\/v2\/types\/post"}],"author":[{"embeddable":true,"href":"https:\/\/mobilvetta.it\/de\/wp-json\/wp\/v2\/users\/1"}],"replies":[{"embeddable":true,"href":"https:\/\/mobilvetta.it\/de\/wp-json\/wp\/v2\/comments?post=7966"}],"version-history":[{"count":1,"href":"https:\/\/mobilvetta.it\/de\/wp-json\/wp\/v2\/posts\/7966\/revisions"}],"predecessor-version":[{"id":8581,"href":"https:\/\/mobilvetta.it\/de\/wp-json\/wp\/v2\/posts\/7966\/revisions\/8581"}],"wp:featuredmedia":[{"embeddable":true,"href":"https:\/\/mobilvetta.it\/de\/wp-json\/wp\/v2\/media\/7808"}],"wp:attachment":[{"href":"https:\/\/mobilvetta.it\/de\/wp-json\/wp\/v2\/media?parent=7966"}],"wp:term":[{"taxonomy":"post_tag","embeddable":true,"href":"https:\/\/mobilvetta.it\/de\/wp-json\/wp\/v2\/tags?post=7966"}],"curies":[{"name":"wp","href":"https:\/\/api.w.org\/{rel}","templated":true}]}}